{"id":22137,"date":"2025-09-25T04:15:00","date_gmt":"2025-09-25T04:15:00","guid":{"rendered":"https:\/\/chicagodesavanja.us\/kesten-ukus-detinjstva-i-simbol-zajednistva-14-kestenijada-u-cikagu\/"},"modified":"2026-05-15T09:55:41","modified_gmt":"2026-05-15T09:55:41","slug":"kesten-ukus-detinjstva-i-simbol-zajednistva-14-kestenijada-u-cikagu","status":"publish","type":"post","link":"https:\/\/chicagodesavanja.us\/en\/vesti\/kesten-ukus-detinjstva-i-simbol-zajednistva-14-kestenijada-u-cikagu\/","title":{"rendered":"Kesten \u2013 ukus detinjstva i simbol zajedni\u0161tva: 14. Kestenijada u \u010cikagu"},"content":{"rendered":"<p class=\"wp-block-paragraph\"><strong>KESTENIJADA U HOMER GLENU \u2013 PRAZNIK ZAJEDNI\u0160TVA I TRADICIJE<\/strong><\/p>\n\n\n\n<p class=\"wp-block-paragraph\"><em><strong>Kroz manifestacije poput Kestenijade, Udru\u017eenje Prelo pokazuje koliko je za dijasporu zna\u010dajno \u010duvanje kulturnog nasle\u0111a i obi\u010daja. To nije samo prilika za dru\u017eenje i zabavu, ve\u0107 i most izme\u0111u pro\u0161losti i budu\u0107nosti, izme\u0111u zavi\u010daja i novog doma.<\/strong><\/em><\/p>\n\n\n\n<p class=\"wp-block-paragraph\"><strong>UDRU\u017dENJE KRAJI\u0160KIH SRBA PRELO OKUPLJA DIJASPORU KROZ KULTURU, OBI\u010cAJE I PESMU<\/strong><\/p>\n\n\n\n<p class=\"wp-block-paragraph\">U subotu, 4. oktobra 2025. godine, na novom imanju crkve Svetog Jovana Krstitelja u naselju Homer Glen odr\u017ea\u0107e se <strong>14. Kestenijada<\/strong>, manifestacija koju organizuje <strong>Udru\u017eenje Kraji\u0161kih Srba Prelo<\/strong>. Ovaj doga\u0111aj postao je sinonim za o\u010duvanje kulture i tradicije Krajine me\u0111u Srbima u dijaspori, ali i mesto okupljanja, radosti i dru\u017eenja za sve generacije.<\/p>\n\n\n\n<p class=\"wp-block-paragraph\"><strong>KESTEN \u2013 SIMBOL JESENI I ZAJEDNI\u0160TVA<\/strong><\/p>\n\n\n\n<p class=\"wp-block-paragraph\">Posetioci \u0107e, kao i svake godine, u\u017eivati u bogatom kulturno-zabavnom programu, tradicionalnim jelima i nezaobilaznim pe\u010denim kestenima.<\/p>\n\n\n\n<p class=\"wp-block-paragraph\">\u201e<strong>Kestenijada nas vra\u0107a u se\u0107anje na Krajinu, gde su kesteni oduvek bili simbol jeseni i okupljanja. Ova manifestacija spaja ukus detinjstva sa ose\u0107ajem pripadnosti zajednici<\/strong>\u201c, poru\u010duju iz Udru\u017eenja Prelo.<\/p>\n\n\n\n<figure class=\"wp-block-image size-full\"><img loading=\"lazy\" decoding=\"async\" width=\"960\" height=\"641\" src=\"https:\/\/chicagodesavanja.us\/wp-content\/uploads\/2025\/09\/Predstavljamo-Udruzenje-Prelo-2.png\" alt=\"\" class=\"wp-image-15571\" srcset=\"https:\/\/chicagodesavanja.us\/wp-content\/uploads\/2025\/09\/Predstavljamo-Udruzenje-Prelo-2.png 960w, https:\/\/chicagodesavanja.us\/wp-content\/uploads\/2025\/09\/Predstavljamo-Udruzenje-Prelo-2-300x200.png 300w, https:\/\/chicagodesavanja.us\/wp-content\/uploads\/2025\/09\/Predstavljamo-Udruzenje-Prelo-2-768x513.png 768w, https:\/\/chicagodesavanja.us\/wp-content\/uploads\/2025\/09\/Predstavljamo-Udruzenje-Prelo-2-692x462.png 692w, https:\/\/chicagodesavanja.us\/wp-content\/uploads\/2025\/09\/Predstavljamo-Udruzenje-Prelo-2-320x214.png 320w, https:\/\/chicagodesavanja.us\/wp-content\/uploads\/2025\/09\/Predstavljamo-Udruzenje-Prelo-2-150x100.png 150w\" sizes=\"auto, (max-width: 960px) 100vw, 960px\" \/><figcaption class=\"wp-element-caption\">Udru\u017eenje Prelo \u2013 \u010duvari obi\u010daja i kulture kraji\u0161kih Srba u Americi; Foto: Ilustracija, Pixabay<\/figcaption><\/figure>\n\n\n\n<p class=\"wp-block-paragraph\"><\/p>\n\n\n\n<p class=\"wp-block-paragraph\">U pripremi su sportski i kulturni programi me\u0111u kojima su turniri u fudbalu i bo\u0107anju, a o\u010dekuje se da \u0107e i ove godine posebnu pa\u017enju privu\u0107i takmi\u010denja u pastirskim ve\u0161tinama kao \u0161to su bacanje kamena sa ramena, skok iz mesta, nadvla\u010denje toljage i konopca.<\/p>\n\n\n\n<p class=\"wp-block-paragraph\">\u201c<strong>Posetioci \u0107e mo\u0107i pogledati i izlo\u017ebu o delu kraji\u0161ke narodne tradicije kao \u0161to su narodne no\u0161nje, rukotvorine i stari muzu\u010dki instrumenti. Ljubitelji doma\u0107e hrane mo\u0107i \u0107e da i ove godine u\u017eivaju u specijalitetima kao \u0161to su pe\u010deni kesteni, dimljena banijska kobasica na ro\u0161tilju i drugim.\u201d<\/strong><\/p>\n\n\n\n<p class=\"wp-block-paragraph\">Najavljeno je da \u0107e prisutne zabavljati muzi\u010dari Milo\u0161 \u0160egrt, Mile Marti\u0107 u pratnji Vuka Jona.<\/p>\n\n\n\n<p class=\"wp-block-paragraph\"><strong>BESPLATAN ULAZ ZA SVE \u2013 MANIFESTACIJA OTVORENA ZA ZAJEDNICU<\/strong><\/p>\n\n\n\n<p class=\"wp-block-paragraph\">Organizatori isti\u010du da je ulaz na Kestenijadu besplatan, jer \u017eele da vrata budu otvorena za sve \u2013 bez obzira na godine, poreklo ili finansijske mogu\u0107nosti.<\/p>\n\n\n\n<p class=\"wp-block-paragraph\">\u201e<strong>Nama je va\u017eno da svi budu dobrodo\u0161li. \u017delimo da Kestenijada ostane manifestacija zajedni\u0161tva i prilika da se ljudi svih generacija okupe i provedu lepo popodne<\/strong>\u201c, navode organizatori.<\/p>\n\n\n\n<figure class=\"wp-block-image size-large\"><img decoding=\"async\" src=\"https:\/\/chicagodesavanja.us\/wp-content\/uploads\/2025\/09\/Predstavljamo-Udruzenje-Prelo-1-1-690x1024.png\" alt=\"\" class=\"wp-image-15572\" \/><\/figure>\n\n\n\n<p class=\"wp-block-paragraph\"><strong>SNAGA VOLONTERIZMA \u2013 HUMANOST KOJA SPAJA<\/strong><\/p>\n\n\n\n<p class=\"wp-block-paragraph\">Kestenijadu svake godine pripremaju \u010dlanovi i prijatelji Udru\u017eenja, i to isklju\u010divo volonterski.<\/p>\n\n\n\n<p class=\"wp-block-paragraph\">\u201e<strong>Od pe\u010denja kestena i pripreme hrane, pa do organizacije programa \u2013 sve se radi iz ljubavi. Kada vidimo osmeh posetilaca, znamo da se sav trud isplatio<\/strong>\u201c, poru\u010duju iz Prela.<\/p>\n\n\n\n<p class=\"wp-block-paragraph\">Posetiocima i u\u010desnicima Kestenijade bi\u0107e pru\u017eena i prilika da u\u010destvuju u akciji prikupljanja nov\u010danih priloga za podizanje <strong><a href=\"https:\/\/sr.wikipedia.org\/sr-el\/%D0%A1%D0%B0%D0%B2%D0%B0_%D0%9C%D1%80%D0%BA%D0%B0%D1%99\" target=\"_blank\" rel=\"noopener\">Spomen-ku\u0107e Savi Mrkalju<\/a> <\/strong>(1783-1833) u njegovom rodnom selu Sjeni\u010daku na Kordunu, isti\u010du u Udru\u017eenju Prelo.<\/p>\n\n\n\n<p class=\"wp-block-paragraph\">\u201c<strong>Mrkalj je bio filolog koji je prvi reformisao srpsku \u0107irilicu tako da danas pi\u0161emo sa 25 slova iz te reforme. Prvi je u srpskoj poeziji pisao stihove u ritmici jamba. Smatra se da je bio najobrazovaniji Srbin svoga vremena.<\/strong>\u201d <\/p>\n\n\n\n<figure class=\"wp-block-image size-large\"><img decoding=\"async\" src=\"https:\/\/chicagodesavanja.us\/wp-content\/uploads\/2025\/09\/Predstavljamo-Udruzenje-Prelo-5-1-701x1024.png\" alt=\"\" class=\"wp-image-15744\" \/><\/figure>\n\n\n\n<p class=\"wp-block-paragraph\"><strong>UDRU\u017dENJE PRELO \u2013 \u010cUVAR OBI\u010cAJA I TRADICIJE U AMERICI<\/strong><\/p>\n\n\n\n<p class=\"wp-block-paragraph\">Osnovano 2001. godine, <strong><a href=\"https:\/\/uksprelo.org\/\" target=\"_blank\" rel=\"noopener\">Udru\u017eenje Kraji\u0161kih Srba Prelo<\/a> <\/strong>ima jasan cilj \u2013 o\u010duvanje kulture, obi\u010daja i tradicije Krajine u dijaspori.<\/p>\n\n\n\n<p class=\"wp-block-paragraph\">\u201e<strong>Prelo je mesto gde se neguje kraji\u0161ki duh i prenosi na mla\u0111e generacije. Kroz na\u0161 rad poma\u017eemo i na\u0161im zemljacima u Srbiji i Krajini kojima je pomo\u0107 potrebna. Cilj je da budemo oslonac na\u0161im ljudima u dijaspori i pored Kestinijade, raznih zabavnih okupljanja jednom godi\u0161nje organizujemo <a href=\"https:\/\/uksprelo.org\/novost\/dan-sjecanja-i-parastos-2025\/\" target=\"_blank\" rel=\"noopener\">parastos <\/a>za sve \u017ertve rata 90-ih godina<\/strong>\u201c, isti\u010du iz Udru\u017eenja Prelo.<\/p>\n\n\n\n<p class=\"wp-block-paragraph\">Danas Prelo okuplja vi\u0161e od 200 \u010dlanova, od najstarijih, koji pamte rodni kraj, do mladih koji kroz igru, pesmu i dru\u017eenje u\u010de o tradiciji.<\/p>\n\n\n\n<figure class=\"wp-block-image size-full\"><img loading=\"lazy\" decoding=\"async\" width=\"800\" height=\"533\" src=\"https:\/\/chicagodesavanja.us\/wp-content\/uploads\/2025\/09\/Predstavljamo-Udruzenje-Prelo-3.png\" alt=\"Parastos i dan se\u0107anja na egzodus i pogrom Srba 1995. god. Foto: FB Udru\u017eenje Prelo \" class=\"wp-image-15570\" srcset=\"https:\/\/chicagodesavanja.us\/wp-content\/uploads\/2025\/09\/Predstavljamo-Udruzenje-Prelo-3.png 800w, https:\/\/chicagodesavanja.us\/wp-content\/uploads\/2025\/09\/Predstavljamo-Udruzenje-Prelo-3-300x200.png 300w, https:\/\/chicagodesavanja.us\/wp-content\/uploads\/2025\/09\/Predstavljamo-Udruzenje-Prelo-3-768x512.png 768w, https:\/\/chicagodesavanja.us\/wp-content\/uploads\/2025\/09\/Predstavljamo-Udruzenje-Prelo-3-693x462.png 693w, https:\/\/chicagodesavanja.us\/wp-content\/uploads\/2025\/09\/Predstavljamo-Udruzenje-Prelo-3-320x213.png 320w, https:\/\/chicagodesavanja.us\/wp-content\/uploads\/2025\/09\/Predstavljamo-Udruzenje-Prelo-3-150x100.png 150w\" sizes=\"auto, (max-width: 800px) 100vw, 800px\" \/><figcaption class=\"wp-element-caption\">Parastos i dan se\u0107anja na egzodus i pogrom Srba 1995. god. Foto: FB Udru\u017eenje Prelo <\/figcaption><\/figure>\n\n\n\n<p class=\"wp-block-paragraph\"><strong>SARADNJA I UKLJU\u010cIVANJE MLADIH<\/strong><\/p>\n\n\n\n<p class=\"wp-block-paragraph\">Prelo tesno sara\u0111uje sa drugim srpskim udru\u017eenjima i crkvama u \u010cikagu i okolini.<\/p>\n\n\n\n<p class=\"wp-block-paragraph\">\u201e<strong>Zajedni\u010dkim akcijama pokazujemo koliko smo jaki kada smo ujedinjeni. Crkva je glavni oslonac i podr\u0161ka na\u0161em radu<\/strong>\u201c, ka\u017eu iz Udru\u017eenja Prelo.<\/p>\n\n\n\n<p class=\"wp-block-paragraph\">Posebna pa\u017enja posve\u0107uje se uklju\u010divanju mla\u0111ih generacija: \u201e<strong>Mladi aktivno u\u010destvuju u kulturnim programima i poma\u017eu u organizaciji doga\u0111aja. Na taj na\u010din u\u010de zajedni\u0161tvu i preuzimaju odgovornost da tradiciju prenesu dalje<\/strong>.\u201c<\/p>\n\n\n\n<p class=\"wp-block-paragraph\"><strong>NAJVE\u0106I USPEH \u2013 OSE\u0106AJ ZAJEDNI\u0160TVA<\/strong><\/p>\n\n\n\n<p class=\"wp-block-paragraph\">Organizatori isti\u010du da je najve\u0107i uspeh to \u0161to ve\u0107 vi\u0161e od dve decenije okupljaju ljude i prenose tradiciju.<\/p>\n\n\n\n<p class=\"wp-block-paragraph\">\u201e<strong>Svaka manifestacija koja okupi stotine ljudi dokaz je da radimo pravu stvar. Na svakoj na\u0161oj manifestaciji postoji i deo za decu, jer \u017eelimo da tradiciju u\u010dimo i prenosimo na najmla\u0111e<\/strong>.\u201c<\/p>\n\n\n\n<figure class=\"wp-block-image size-full\"><img loading=\"lazy\" decoding=\"async\" width=\"960\" height=\"640\" src=\"https:\/\/chicagodesavanja.us\/wp-content\/uploads\/2025\/09\/Predstavljamo-Udruzenje-Prelo-4.png\" alt=\"Od Krajine do \u010cikaga Prelo prenosi tradiciju mladima; Foto: ilustracija, Pixabay\" class=\"wp-image-15569\" srcset=\"https:\/\/chicagodesavanja.us\/wp-content\/uploads\/2025\/09\/Predstavljamo-Udruzenje-Prelo-4.png 960w, https:\/\/chicagodesavanja.us\/wp-content\/uploads\/2025\/09\/Predstavljamo-Udruzenje-Prelo-4-300x200.png 300w, https:\/\/chicagodesavanja.us\/wp-content\/uploads\/2025\/09\/Predstavljamo-Udruzenje-Prelo-4-768x512.png 768w, https:\/\/chicagodesavanja.us\/wp-content\/uploads\/2025\/09\/Predstavljamo-Udruzenje-Prelo-4-693x462.png 693w, https:\/\/chicagodesavanja.us\/wp-content\/uploads\/2025\/09\/Predstavljamo-Udruzenje-Prelo-4-320x213.png 320w, https:\/\/chicagodesavanja.us\/wp-content\/uploads\/2025\/09\/Predstavljamo-Udruzenje-Prelo-4-150x100.png 150w\" sizes=\"auto, (max-width: 960px) 100vw, 960px\" \/><figcaption class=\"wp-element-caption\">Od Krajine do \u010cikaga Prelo prenosi tradiciju mladima; Foto: ilustracija, Pixabay<\/figcaption><\/figure>\n\n\n\n<p class=\"wp-block-paragraph\"><strong>PLANOVI I POZIV NA PREDSTOJE\u0106A OKUPLJANJA<\/strong><\/p>\n\n\n\n<p class=\"wp-block-paragraph\">Pored Kestenijade, koja \u0107e se odr\u017eati 4. oktobra od 10 sati, \u010dlanovi i prijatelji Prela ve\u0107 se spremaju za slede\u0107e doga\u0111aje.<\/p>\n\n\n\n<p class=\"wp-block-paragraph\">\u201e<strong>Pozivamo sve da nam se pridru\u017ee i na na\u0161oj slavi, Svetom Luki, koja \u0107e biti odr\u017eana u subotu, 1. novembra. Na\u0161 cilj je da kroz ovakva okupljanja nastavimo da \u010duvamo identitet i povezanost na\u0161e dijaspore<\/strong>\u201c, poru\u010duje rukovodstvo Udru\u017eenja Prelo.<\/p>\n\n\n\n<p class=\"wp-block-paragraph\"><strong>KAKO SE UKLJU\u010cITI?<\/strong><\/p>\n\n\n\n<p class=\"wp-block-paragraph\">Svi zainteresovani mogu da se priklju\u010de radu<a href=\"https:\/\/www.facebook.com\/people\/Prelo-Udruzenje-Krajiskih-Srba\/100064584406263\" target=\"_blank\" rel=\"noopener\"> <\/a><strong><a href=\"https:\/\/www.facebook.com\/people\/Prelo-Udruzenje-Krajiskih-Srba\/100064584406263\" target=\"_blank\" rel=\"noopener\">Udru\u017eenja<\/a> <\/strong>\u2013 bilo kroz volontiranje, donacije, ili jednostavno prisustvom na doga\u0111ajima.<\/p>\n\n\n\n<p class=\"wp-block-paragraph\"><\/p>","protected":false},"excerpt":{"rendered":"<p>KESTENIJADA U HOMER GLENU \u2013 PRAZNIK ZAJEDNI\u0160TVA I TRADICIJE Kroz manifestacije poput Kestenijade, Udru\u017eenje Prelo pokazuje koliko je za dijasporu zna\u010dajno \u010duvanje kulturnog nasle\u0111a i obi\u010daja. To nije samo prilika za dru\u017eenje i zabavu, ve\u0107 i most izme\u0111u pro\u0161losti i budu\u0107nosti, izme\u0111u zavi\u010daja i novog doma. UDRU\u017dENJE KRAJI\u0160KIH SRBA PRELO OKUPLJA DIJASPORU KROZ KULTURU, OBI\u010cAJE [&hellip;]<\/p>\n","protected":false},"author":29,"featured_media":15743,"comment_status":"closed","ping_status":"","sticky":false,"template":"","format":"standard","meta":{"wpai_generated_summary":"","footnotes":""},"categories":[368,653,599],"tags":[21472,457,370,21473,21474,21475,21476,21477,21478,21479,21480,21481,21482,21483,2688,21484,21485],"class_list":["post-22137","post","type-post","status-publish","format-standard","has-post-thumbnail","hentry","category-vesti-amerika","category-cikago","category-predstavljamo","tag-besplatan-ulaz-manifestacija","tag-chicago","tag-cikago","tag-desavanja-u-cikagu","tag-humanitarna-akcija-prelo","tag-kesten-simbol-zajednistva","tag-kestenijada-cikago","tag-krajiski-srbi-dijaspora","tag-kulturna-tradicija-krajine","tag-milos-segrt-mile-martic","tag-ocuvanje-obicaja-i-tradicije","tag-peceni-kesteni","tag-prelo-homer-glen","tag-sportski-i-kulturni-program","tag-srpska-dijaspora-amerika","tag-tradicionalna-manifestacija-cikago","tag-udruzenje-prelo"],"_links":{"self":[{"href":"https:\/\/chicagodesavanja.us\/en\/wp-json\/wp\/v2\/posts\/22137","targetHints":{"allow":["GET"]}}],"collection":[{"href":"https:\/\/chicagodesavanja.us\/en\/wp-json\/wp\/v2\/posts"}],"about":[{"href":"https:\/\/chicagodesavanja.us\/en\/wp-json\/wp\/v2\/types\/post"}],"author":[{"embeddable":true,"href":"https:\/\/chicagodesavanja.us\/en\/wp-json\/wp\/v2\/users\/29"}],"replies":[{"embeddable":true,"href":"https:\/\/chicagodesavanja.us\/en\/wp-json\/wp\/v2\/comments?post=22137"}],"version-history":[{"count":1,"href":"https:\/\/chicagodesavanja.us\/en\/wp-json\/wp\/v2\/posts\/22137\/revisions"}],"predecessor-version":[{"id":22138,"href":"https:\/\/chicagodesavanja.us\/en\/wp-json\/wp\/v2\/posts\/22137\/revisions\/22138"}],"wp:featuredmedia":[{"embeddable":true,"href":"https:\/\/chicagodesavanja.us\/en\/wp-json\/wp\/v2\/media\/15743"}],"wp:attachment":[{"href":"https:\/\/chicagodesavanja.us\/en\/wp-json\/wp\/v2\/media?parent=22137"}],"wp:term":[{"taxonomy":"category","embeddable":true,"href":"https:\/\/chicagodesavanja.us\/en\/wp-json\/wp\/v2\/categories?post=22137"},{"taxonomy":"post_tag","embeddable":true,"href":"https:\/\/chicagodesavanja.us\/en\/wp-json\/wp\/v2\/tags?post=22137"}],"curies":[{"name":"WP","href":"https:\/\/api.w.org\/{rel}","templated":true}]}}