{"id":21889,"date":"2025-10-18T02:40:00","date_gmt":"2025-10-18T02:40:00","guid":{"rendered":"https:\/\/chicagodesavanja.us\/ryanair-povlaci-800-000-sedista-ka-nemackoj-zbog-poreza-obustavljeni-letovi-ka-devet-gradova\/"},"modified":"2025-10-18T02:40:00","modified_gmt":"2025-10-18T02:40:00","slug":"ryanair-povlaci-800-000-sedista-ka-nemackoj-zbog-poreza-obustavljeni-letovi-ka-devet-gradova","status":"publish","type":"post","link":"https:\/\/chicagodesavanja.us\/en\/vesti\/ryanair-povlaci-800-000-sedista-ka-nemackoj-zbog-poreza-obustavljeni-letovi-ka-devet-gradova\/","title":{"rendered":"Ryanair povla\u010di 800.000 sedi\u0161ta ka Nema\u010dkoj: Zbog poreza obustavljeni letovi ka devet gradova"},"content":{"rendered":"<p class=\"wp-block-paragraph\">Irska niskobud\u017eetna aviokompanija Ryanair najavila je zna\u010dajno smanjenje kapaciteta zimskih letova ka Nema\u010dkoj, povukav\u0161i \u010dak 800.000 sedi\u0161ta zbog sporova sa nema\u010dkom vladom oko visokih poreza i aerodromskih taksi. <\/p>\n\n\n\n<p class=\"wp-block-paragraph\">Ova odluka zna\u010di da \u0107e brojni putnici ostati bez direktnih letova ka popularnim destinacijama poput Berlina, Hamburga, Dortmunda, Drezdena i Lajpciga.<\/p>\n\n\n\n<p class=\"wp-block-paragraph\">Prema saop\u0161tenju kompanije, ukinute su 24 linije koje su povezivale Irsku i druge evropske gradove sa devet nema\u010dkih aerodroma. Ryanair je pozvao nema\u010dke vlasti da smanje porez na avio-saobra\u0107aj, kao i naknade za kontrolu letenja i bezbednost, isti\u010du\u0107i da sli\u010dne mere u \u0160vedskoj i Ma\u0111arskoj daju pozitivne rezultate za putnike i ekonomiju.<\/p>\n\n\n\n<p class=\"wp-block-paragraph\">Direktor marketinga kompanije Dara Brady izjavio je da je \u201erazo\u010daravaju\u0107e \u0161to nova nema\u010dka vlada jo\u0161 uvek nije ispunila obe\u0107anje o smanjenju previsokih poreza i tro\u0161kova koji ko\u010de rast vazdu\u0161nog saobra\u0107aja\u201c. On je dodao da takvi potezi \u010dine nema\u010dko tr\u017ei\u0161te manje konkurentnim i odvra\u0107aju aviokompanije od \u0161irenja poslovanja.<\/p>\n\n\n\n<p class=\"wp-block-paragraph\">Ovo nije prvi put da Ryanair preduzima ovakve mere \u2014 pro\u0161le godine kompanija je ve\u0107 smanjila broj letova ka Berlinu, Frankfurtu i Minhenu za 1,8 miliona sedi\u0161ta, a kapacitet na aerodromu Berlin Brandenburg smanjen je za 20 odsto.<\/p>\n\n\n\n<p class=\"wp-block-paragraph\">Odluka bi mogla imati ozbiljne posledice po nema\u010dki turizam i ekonomiju, jer \u0107e manja dostupnost jeftinih letova ote\u017eati putovanja izme\u0111u Nema\u010dke i ostatka Evrope tokom zimskih meseci.<\/p>\n\n\n\n<p class=\"wp-block-paragraph\" style=\"font-size:10px\">SOURCE: <a href=\"https:\/\/www.b92.net\/biz\/svet\/vesti\/172735\/rajaner-smanjio-kapacite-ka-nemackoj-za-800000-sedista\/vest\" target=\"_blank\" rel=\"noreferrer noopener\">B92<\/a>, PHOTO: PIXABAY<\/p>","protected":false},"excerpt":{"rendered":"<p>Irska niskobud\u017eetna aviokompanija Ryanair najavila je zna\u010dajno smanjenje kapaciteta zimskih letova ka Nema\u010dkoj, povukav\u0161i \u010dak 800.000 sedi\u0161ta zbog sporova sa nema\u010dkom vladom oko visokih poreza i aerodromskih taksi. Ova odluka zna\u010di da \u0107e brojni putnici ostati bez direktnih letova ka popularnim destinacijama poput Berlina, Hamburga, Dortmunda, Drezdena i Lajpciga. Prema saop\u0161tenju kompanije, ukinute su 24 [&hellip;]<\/p>\n","protected":false},"author":1,"featured_media":15324,"comment_status":"","ping_status":"","sticky":false,"template":"","format":"standard","meta":{"footnotes":""},"categories":[431,369],"tags":[20127,3203,3204,16741,20128,20129,20130,20131,789,20132,12542,20133,2405,535,786,20134,5875],"class_list":["post-21889","post","type-post","status-publish","format-standard","has-post-thumbnail","hentry","category-svet","category-vesti","tag-aerodromske-takse","tag-avio-industrija","tag-avio-saobracaj","tag-berlin","tag-berlin-brandenburg","tag-dara-brady","tag-dortmund","tag-drezden","tag-eu","tag-hamburg","tag-irska","tag-lajpcig","tag-letovi","tag-nemacka","tag-porez","tag-ryanair","tag-turizam"],"_links":{"self":[{"href":"https:\/\/chicagodesavanja.us\/en\/wp-json\/wp\/v2\/posts\/21889","targetHints":{"allow":["GET"]}}],"collection":[{"href":"https:\/\/chicagodesavanja.us\/en\/wp-json\/wp\/v2\/posts"}],"about":[{"href":"https:\/\/chicagodesavanja.us\/en\/wp-json\/wp\/v2\/types\/post"}],"author":[{"embeddable":true,"href":"https:\/\/chicagodesavanja.us\/en\/wp-json\/wp\/v2\/users\/1"}],"replies":[{"embeddable":true,"href":"https:\/\/chicagodesavanja.us\/en\/wp-json\/wp\/v2\/comments?post=21889"}],"version-history":[{"count":0,"href":"https:\/\/chicagodesavanja.us\/en\/wp-json\/wp\/v2\/posts\/21889\/revisions"}],"wp:featuredmedia":[{"embeddable":true,"href":"https:\/\/chicagodesavanja.us\/en\/wp-json\/wp\/v2\/media\/15324"}],"wp:attachment":[{"href":"https:\/\/chicagodesavanja.us\/en\/wp-json\/wp\/v2\/media?parent=21889"}],"wp:term":[{"taxonomy":"category","embeddable":true,"href":"https:\/\/chicagodesavanja.us\/en\/wp-json\/wp\/v2\/categories?post=21889"},{"taxonomy":"post_tag","embeddable":true,"href":"https:\/\/chicagodesavanja.us\/en\/wp-json\/wp\/v2\/tags?post=21889"}],"curies":[{"name":"WP","href":"https:\/\/api.w.org\/{rel}","templated":true}]}}