{"id":21845,"date":"2025-10-22T03:30:00","date_gmt":"2025-10-22T03:30:00","guid":{"rendered":"https:\/\/chicagodesavanja.us\/vlada-slovenije-uvodi-obavezni-bozicni-bonus-od-639-evra-za-sve-zaposlene\/"},"modified":"2025-10-22T03:30:00","modified_gmt":"2025-10-22T03:30:00","slug":"vlada-slovenije-uvodi-obavezni-bozicni-bonus-od-639-evra-za-sve-zaposlene","status":"publish","type":"post","link":"https:\/\/chicagodesavanja.us\/en\/vesti\/vlada-slovenije-uvodi-obavezni-bozicni-bonus-od-639-evra-za-sve-zaposlene\/","title":{"rendered":"Vlada Slovenije uvodi obavezni bo\u017ei\u0107ni bonus od 639 evra za sve zaposlene"},"content":{"rendered":"<p class=\"wp-block-paragraph\">Slovena\u010dka vlada donela je istorijsku odluku koja \u0107e obradovati sve zaposlene u zemlji \u2014 uvodi se obavezni bo\u017ei\u0107ni bonus u iznosu od 639 evra, koji \u0107e biti ispla\u0107en najkasnije do 18. decembra svake godine. Ova odluka va\u017ei za sve radnike u javnom i privatnom sektoru, a isplata \u0107e biti oslobo\u0111ena poreza i doprinosa.<\/p>\n\n\n\n<p class=\"wp-block-paragraph\">Kako je potvrdio potpredsednik vlade Matej Arhon, bonus ne\u0107e biti jednokratna mera, ve\u0107 trajno zakonsko pravo zaposlenih. \u201eCilj je da zaposleni budu pravednije nagra\u0111eni za svoj rad\u201c, izjavio je Arhon za Radio-televiziju Slovenije.<\/p>\n\n\n\n<p class=\"wp-block-paragraph\">Ipak, vlada je predvidela odre\u0111ene izuzetke. Kompanije koje imaju problema s likvidno\u0161\u0107u mogu isplatu da odlo\u017ee do 31. marta 2026. godine, ili u krajnjem slu\u010daju da isplate samo 160 evra. Me\u0111utim, firme koje iskoriste ovu mogu\u0107nost ne\u0107e smeti da ispla\u0107uju dividende niti bonuse upravi, naglasio je Arhon.<\/p>\n\n\n\n<p class=\"wp-block-paragraph\">Odluka je izazvala podeljene reakcije me\u0111u poslodavcima. Direktor Gospodarske komore Slovenije, Mitja Goren\u0161\u010dek, pozdravio je fleksibilnost vlade, ali je istakao da predlog \u201enije u potpunosti razja\u0161njen\u201c. On smatra da bi bo\u017ei\u0107ni bonus trebalo da ostane dobrovoljan, uz vi\u0161i prag poreskog oslobo\u0111enja.<\/p>\n\n\n\n<p class=\"wp-block-paragraph\">Sli\u010dan stav deli i Bla\u017e Cvar, predsednik Obrtni\u010dke komore Slovenije (OZS), koji upozorava da bi vi\u0161e od 20.000 firmi s negativnim poslovanjem moglo da se suo\u010di s ozbiljnim finansijskim pote\u0161ko\u0107ama zbog obavezne isplate.<\/p>\n\n\n\n<p class=\"wp-block-paragraph\">O mogu\u0107im izmenama i primeni zakona razgovara\u0107e se u petak 24. oktobra na sastanku sa premijerom Robertom Golobom.<\/p>\n\n\n\n<p class=\"wp-block-paragraph\" style=\"font-size:10px\">SOURCE: <a href=\"https:\/\/www.b92.net\/biz\/region\/vesti\/173984\/slovenija-uvodi-obavezni-bozicni-bonus-svima-po-639-evra\/vest\" target=\"_blank\" rel=\"noreferrer noopener\">B92<\/a>, PHOTO: PIXABAY<\/p>","protected":false},"excerpt":{"rendered":"<p>Slovena\u010dka vlada donela je istorijsku odluku koja \u0107e obradovati sve zaposlene u zemlji \u2014 uvodi se obavezni bo\u017ei\u0107ni bonus u iznosu od 639 evra, koji \u0107e biti ispla\u0107en najkasnije do 18. decembra svake godine. Ova odluka va\u017ei za sve radnike u javnom i privatnom sektoru, a isplata \u0107e biti oslobo\u0111ena poreza i doprinosa. Kako je [&hellip;]<\/p>\n","protected":false},"author":1,"featured_media":16897,"comment_status":"","ping_status":"","sticky":false,"template":"","format":"standard","meta":{"footnotes":""},"categories":[431,369],"tags":[19861,19862,19863,19864,19865,19176,19866,19867,19868,19869,4320,19870,19871,5021,800,19872],"class_list":["post-21845","post","type-post","status-publish","format-standard","has-post-thumbnail","hentry","category-svet","category-vesti","tag-blaz-cvar","tag-bozicni-bonus","tag-bruto-minimalna-plata","tag-gospodarska-komora-slovenije","tag-isplata","tag-javni-sektor","tag-matej-arhon","tag-mitja-gorenscek","tag-ozs","tag-poresko-oslobodjenje","tag-privatni-sektor","tag-robert-golob","tag-slovenacka-vlada","tag-slovenija","tag-zakon","tag-zaposleni"],"_links":{"self":[{"href":"https:\/\/chicagodesavanja.us\/en\/wp-json\/wp\/v2\/posts\/21845","targetHints":{"allow":["GET"]}}],"collection":[{"href":"https:\/\/chicagodesavanja.us\/en\/wp-json\/wp\/v2\/posts"}],"about":[{"href":"https:\/\/chicagodesavanja.us\/en\/wp-json\/wp\/v2\/types\/post"}],"author":[{"embeddable":true,"href":"https:\/\/chicagodesavanja.us\/en\/wp-json\/wp\/v2\/users\/1"}],"replies":[{"embeddable":true,"href":"https:\/\/chicagodesavanja.us\/en\/wp-json\/wp\/v2\/comments?post=21845"}],"version-history":[{"count":0,"href":"https:\/\/chicagodesavanja.us\/en\/wp-json\/wp\/v2\/posts\/21845\/revisions"}],"wp:featuredmedia":[{"embeddable":true,"href":"https:\/\/chicagodesavanja.us\/en\/wp-json\/wp\/v2\/media\/16897"}],"wp:attachment":[{"href":"https:\/\/chicagodesavanja.us\/en\/wp-json\/wp\/v2\/media?parent=21845"}],"wp:term":[{"taxonomy":"category","embeddable":true,"href":"https:\/\/chicagodesavanja.us\/en\/wp-json\/wp\/v2\/categories?post=21845"},{"taxonomy":"post_tag","embeddable":true,"href":"https:\/\/chicagodesavanja.us\/en\/wp-json\/wp\/v2\/tags?post=21845"}],"curies":[{"name":"WP","href":"https:\/\/api.w.org\/{rel}","templated":true}]}}