{"id":21684,"date":"2025-11-05T03:40:00","date_gmt":"2025-11-05T03:40:00","guid":{"rendered":"https:\/\/chicagodesavanja.us\/pritzker-razmatra-zakon-koji-omogucava-tesko-bolesnima-da-okoncaju-sopstveni-zivot\/"},"modified":"2025-11-05T03:40:00","modified_gmt":"2025-11-05T03:40:00","slug":"pritzker-razmatra-zakon-koji-omogucava-tesko-bolesnima-da-okoncaju-sopstveni-zivot","status":"publish","type":"post","link":"https:\/\/chicagodesavanja.us\/en\/vesti\/pritzker-razmatra-zakon-koji-omogucava-tesko-bolesnima-da-okoncaju-sopstveni-zivot\/","title":{"rendered":"Pritzker razmatra zakon koji omogu\u0107ava te\u0161ko bolesnima da okon\u010daju sopstveni \u017eivot"},"content":{"rendered":"<p class=\"wp-block-paragraph\">Guverner Ilinoisa JB Pritzker izjavio je da jo\u0161 uvek \u201erazmatra\u201c kontroverzni zakon koji bi te\u0161ko bolesnim pacijentima omogu\u0107io da, uz medicinsku pomo\u0107, okon\u010daju svoj \u017eivot. Re\u010d je o predlogu zakona S.B. 1950, poznatom kao \u201eDeb\u2019s Law\u201c, koji je nedavno usvojio Senat Ilinoisa i sada \u010deka Pritzker-ov potpis kako bi stupio na snagu.<\/p>\n\n\n\n<p class=\"wp-block-paragraph\">Prema ovom zakonu, pravo na \u201emedicinski potpomognutu smrt\u201c imali bi samo pacijenti kojima je ostalo manje od \u0161est meseci \u017eivota i koji su mentalno sposobni da donesu takvu odluku. Zakon nosi ime Debra Robertson, \u017eene iz Lombarda koja boluje od terminalnog karcinoma i godinama se zala\u017ee da oboleli imaju pravo da sami odlu\u010de o svom kraju.<\/p>\n\n\n\n<p class=\"wp-block-paragraph\">\u201eNisam o\u010dekivao da \u0107e se o ovom zakonu glasati sada, pa ga pa\u017eljivo prou\u010davamo\u201c, rekao je Pritzker novinarima, dodaju\u0107i da ga tema duboko poga\u0111a. \u201eZnam koliko je stra\u0161no gledati nekog ko u poslednjim mesecima \u017eivota trpi u\u017easne bolove. Imao sam prijatelje i \u010dlanove porodice koji su to pro\u0161li, i zato se pitam kako mo\u017eemo ubla\u017eiti njihovu patnju.\u201c<\/p>\n\n\n\n<p class=\"wp-block-paragraph\">Ako Pritzker odlu\u010di da potpi\u0161e zakon, on bi stupio na snagu devet meseci kasnije.<\/p>\n\n\n\n<p class=\"wp-block-paragraph\">Zakon o \u201epravu na smrt\u201c izazvao je podeljena mi\u0161ljenja u javnosti \u2013 dok jedni smatraju da omogu\u0107ava dostojanstven kraj i smanjuje patnju, drugi upozoravaju da bi mogao da se zloupotrebi i ugrozi eti\u010dke principe medicine.<\/p>\n\n\n\n<p class=\"wp-block-paragraph\">Odluka guvernera Pritzker-a o\u010dekuje se uskoro, a ceo Ilinois pomno prati da li \u0107e ova istorijska mera postati zakon.<\/p>\n\n\n\n<p class=\"wp-block-paragraph\" style=\"font-size:10px\">SOURCE: <a href=\"https:\/\/www.fox32chicago.com\/news\/pritzker-right-to-die-bill\" target=\"_blank\" rel=\"noreferrer noopener\">FOX 32<\/a>, PHOTO: PRINTSCREEN<\/p>","protected":false},"excerpt":{"rendered":"<p>Guverner Ilinoisa JB Pritzker izjavio je da jo\u0161 uvek \u201erazmatra\u201c kontroverzni zakon koji bi te\u0161ko bolesnim pacijentima omogu\u0107io da, uz medicinsku pomo\u0107, okon\u010daju svoj \u017eivot. Re\u010d je o predlogu zakona S.B. 1950, poznatom kao \u201eDeb\u2019s Law\u201c, koji je nedavno usvojio Senat Ilinoisa i sada \u010deka Pritzker-ov potpis kako bi stupio na snagu. Prema ovom zakonu, [&hellip;]<\/p>\n","protected":false},"author":1,"featured_media":15841,"comment_status":"","ping_status":"","sticky":false,"template":"","format":"standard","meta":{"wpai_generated_summary":"","footnotes":""},"categories":[368,653,369],"tags":[16378,18986,18987,9574,970,971,18988,18989,18990,16221,800],"class_list":["post-21684","post","type-post","status-publish","format-standard","has-post-thumbnail","hentry","category-vesti-amerika","category-cikago","category-vesti","tag-deb-s-law","tag-debra-robertson","tag-eticka-dilema","tag-fox-32-chicago","tag-illinois","tag-jb-pritzker","tag-medicinska-pomoc-pri-umiranju","tag-pravo-na-smrt","tag-senat-ilinoisa","tag-terminalno-bolesni","tag-zakon"],"_links":{"self":[{"href":"https:\/\/chicagodesavanja.us\/en\/wp-json\/wp\/v2\/posts\/21684","targetHints":{"allow":["GET"]}}],"collection":[{"href":"https:\/\/chicagodesavanja.us\/en\/wp-json\/wp\/v2\/posts"}],"about":[{"href":"https:\/\/chicagodesavanja.us\/en\/wp-json\/wp\/v2\/types\/post"}],"author":[{"embeddable":true,"href":"https:\/\/chicagodesavanja.us\/en\/wp-json\/wp\/v2\/users\/1"}],"replies":[{"embeddable":true,"href":"https:\/\/chicagodesavanja.us\/en\/wp-json\/wp\/v2\/comments?post=21684"}],"version-history":[{"count":0,"href":"https:\/\/chicagodesavanja.us\/en\/wp-json\/wp\/v2\/posts\/21684\/revisions"}],"wp:featuredmedia":[{"embeddable":true,"href":"https:\/\/chicagodesavanja.us\/en\/wp-json\/wp\/v2\/media\/15841"}],"wp:attachment":[{"href":"https:\/\/chicagodesavanja.us\/en\/wp-json\/wp\/v2\/media?parent=21684"}],"wp:term":[{"taxonomy":"category","embeddable":true,"href":"https:\/\/chicagodesavanja.us\/en\/wp-json\/wp\/v2\/categories?post=21684"},{"taxonomy":"post_tag","embeddable":true,"href":"https:\/\/chicagodesavanja.us\/en\/wp-json\/wp\/v2\/tags?post=21684"}],"curies":[{"name":"WP","href":"https:\/\/api.w.org\/{rel}","templated":true}]}}