{"id":21584,"date":"2025-11-14T03:59:00","date_gmt":"2025-11-14T03:59:00","guid":{"rendered":"https:\/\/chicagodesavanja.us\/promena-misljenja-amerikanaca-o-imigraciji\/"},"modified":"2025-11-14T03:59:00","modified_gmt":"2025-11-14T03:59:00","slug":"promena-misljenja-amerikanaca-o-imigraciji","status":"publish","type":"post","link":"https:\/\/chicagodesavanja.us\/en\/vesti\/promena-misljenja-amerikanaca-o-imigraciji\/","title":{"rendered":"Novo istra\u017eivanje otkriva iznena\u0111uju\u0107i zaokret u stavu Amerikanaca prema imigraciji"},"content":{"rendered":"<p class=\"wp-block-paragraph\">Gotovo godinu dana nakon po\u010detka svog drugog predsedni\u010dkog mandata, <strong>Donald Trump<\/strong> ponovo se na\u0161ao u sredi\u0161tu debate o imigraciji \u2013 ali ovog puta, rezultati novih istra\u017eivanja pokazuju <strong>neo\u010dekivani preokret u mi\u0161ljenju javnosti<\/strong>.<\/p>\n\n\n\n<p class=\"wp-block-paragraph\">Prema nacionalnoj anketi koju su sproveli <strong>Associated Press i NORC Center for Public Affairs Research<\/strong>, <strong>sve ve\u0107i broj Amerikanaca danas imigrante vidi kao zna\u010dajnu korist za zemlju<\/strong>, za razliku od ranijih godina kada je prevladavao strah i nepoverenje.<\/p>\n\n\n\n<p class=\"wp-block-paragraph\"><strong>Od straha do priznanja doprinosa<\/strong><\/p>\n\n\n\n<p class=\"wp-block-paragraph\">Tokom predsedni\u010dke kampanje, <strong>Trump<\/strong> je obe\u0107ao da \u0107e sprovesti \u201enajve\u0107u deportaciju u istoriji SAD\u201c, \u0161to mu je pomoglo da u\u010dvrsti podr\u0161ku me\u0111u glasa\u010dima i povrati mesto u Beloj ku\u0107i.<br>Me\u0111utim, kako se masovne deportacije sprovode \u0161irom zemlje, <strong>mnogi Amerikanci sada dovode u pitanje da li je imigracija zaista pretnja<\/strong> kakvom je ranije predstavljana.<\/p>\n\n\n\n<p class=\"wp-block-paragraph\">U pore\u0111enju sa 2024. godinom, kada je samo <strong>\u010detiri od deset ispitanika<\/strong> smatralo da imigranti zna\u010dajno doprinose SAD, sada <strong>\u0161est od deset<\/strong> deli to mi\u0161ljenje \u2013 \u0161to predstavlja <strong>skok od gotovo 40%<\/strong>.<\/p>\n\n\n\n<p class=\"wp-block-paragraph\">Jedan od ispitanika, <strong>Carlos Gonzalez<\/strong>, demokratski glasa\u010d iz Los An\u0111elesa, rekao je:<\/p>\n\n\n\n<blockquote class=\"wp-block-quote is-layout-flow wp-block-quote-is-layout-flow\">\n<p class=\"wp-block-paragraph\">\u201eImigranti daju ogroman doprinos ekonomiji Sjedinjenih Dr\u017eava. Mnogi ne shvataju da oni ne dolaze da uzmu, ve\u0107 da obogate ovu zemlju.\u201c<\/p>\n<\/blockquote>\n\n\n\n<p class=\"wp-block-paragraph\"><strong>Gde je uticaj imigranata najve\u0107i?<\/strong><\/p>\n\n\n\n<p class=\"wp-block-paragraph\">Podaci <strong>ameri\u010dkog Biroa za statistiku rada<\/strong> i <strong>meksi\u010dke vlade<\/strong> otkrivaju koliko su imigranti postali neizostavan deo ameri\u010dke radne snage:<\/p>\n\n\n\n<ul class=\"wp-block-list\">\n<li>51% radnika u mlekarskoj industriji i preradi mesa poti\u010de iz Meksika<\/li>\n\n\n\n<li>20% zaposlenih u poljoprivredi i proizvodnji su imigranti<\/li>\n\n\n\n<li>15% zaposlenih u obrazovanju i zdravstvu, uklju\u010duju\u0107i 28% zdravstvenih pomo\u0107nika<\/li>\n\n\n\n<li>U gra\u0111evinskom sektoru \u2013 svaki \u010detvrti radnik je imigrant<\/li>\n\n\n\n<li>U poljoprivredi \u2013 \u010dak 54,3% radnika \u010dine imigranti<\/li>\n<\/ul>\n\n\n\n<p class=\"wp-block-paragraph\">Sveukupno, <strong>imigranti \u2013 uklju\u010duju\u0107i i one bez dokumenata \u2013 sada \u010dine 18,6% ameri\u010dke radne snage<\/strong>, \u0161to jasno ukazuje na njihovu klju\u010dnu ulogu u privredi zemlje.<\/p>\n\n\n\n<p class=\"wp-block-paragraph\"><strong>Promena narativa<\/strong><\/p>\n\n\n\n<p class=\"wp-block-paragraph\">Iako anketa obuhvata pre svega <strong>zakonite imigrante<\/strong>, istra\u017eiva\u010di napominju da rezultati odra\u017eavaju <strong>\u0161iru promenu u percepciji imigracije<\/strong> \u2014 sa straha i podele, ka priznanju ekonomske i dru\u0161tvene vrednosti koje imigranti donose.<\/p>\n\n\n\n<p class=\"wp-block-paragraph\">Ova promena mi\u0161ljenja mogla bi imati i <strong>politi\u010dke posledice<\/strong> za Trumpovu administraciju, koja i dalje insistira na o\u0161trim imigracionim merama, dok javnost sve vi\u0161e prepoznaje zna\u010daj raznolikosti i doprinosa imigrantskih zajednica.<\/p>\n\n\n\n<p class=\"wp-block-paragraph\" style=\"font-size:10px\">SOURCE: <a href=\"https:\/\/en.as.com\/latest_news\/new-survey-reveals-a-surprising-shift-in-how-americans-view-immigration-and-trumps-role-in-it-f202511-n\/\" target=\"_blank\" rel=\"noopener\">EN.AS.COM<\/a> PHOTO: PEXELS<\/p>","protected":false},"excerpt":{"rendered":"<p>Gotovo godinu dana nakon po\u010detka svog drugog predsedni\u010dkog mandata, Donald Trump ponovo se na\u0161ao u sredi\u0161tu debate o imigraciji \u2013 ali ovog puta, rezultati novih istra\u017eivanja pokazuju neo\u010dekivani preokret u mi\u0161ljenju javnosti. Prema nacionalnoj anketi koju su sproveli Associated Press i NORC Center for Public Affairs Research, sve ve\u0107i broj Amerikanaca danas imigrante vidi kao [&hellip;]<\/p>\n","protected":false},"author":3,"featured_media":15090,"comment_status":"","ping_status":"","sticky":false,"template":"","format":"standard","meta":{"footnotes":""},"categories":[368,369],"tags":[681,18326,538,18327,18328,404,18329,5392,18330,2393,18331,2394,18332,18333,18334],"class_list":["post-21584","post","type-post","status-publish","format-standard","has-post-thumbnail","hentry","category-vesti-amerika","category-vesti","tag-americka-ekonomija","tag-americko-istrazivanje","tag-amerika","tag-ap-norc-anketa","tag-deportacije-u-sad","tag-donald-trump","tag-drugi-mandat-donalda-trumpa","tag-ilegalni-imigranti","tag-imigracija-2025","tag-imigracija-u-sad","tag-imigrantska-radna-snaga","tag-legalni-imigranti","tag-politika-imigracije","tag-radna-snaga-sad","tag-stavovi-amerikanaca-o-imigrantima"],"_links":{"self":[{"href":"https:\/\/chicagodesavanja.us\/en\/wp-json\/wp\/v2\/posts\/21584","targetHints":{"allow":["GET"]}}],"collection":[{"href":"https:\/\/chicagodesavanja.us\/en\/wp-json\/wp\/v2\/posts"}],"about":[{"href":"https:\/\/chicagodesavanja.us\/en\/wp-json\/wp\/v2\/types\/post"}],"author":[{"embeddable":true,"href":"https:\/\/chicagodesavanja.us\/en\/wp-json\/wp\/v2\/users\/3"}],"replies":[{"embeddable":true,"href":"https:\/\/chicagodesavanja.us\/en\/wp-json\/wp\/v2\/comments?post=21584"}],"version-history":[{"count":0,"href":"https:\/\/chicagodesavanja.us\/en\/wp-json\/wp\/v2\/posts\/21584\/revisions"}],"wp:featuredmedia":[{"embeddable":true,"href":"https:\/\/chicagodesavanja.us\/en\/wp-json\/wp\/v2\/media\/15090"}],"wp:attachment":[{"href":"https:\/\/chicagodesavanja.us\/en\/wp-json\/wp\/v2\/media?parent=21584"}],"wp:term":[{"taxonomy":"category","embeddable":true,"href":"https:\/\/chicagodesavanja.us\/en\/wp-json\/wp\/v2\/categories?post=21584"},{"taxonomy":"post_tag","embeddable":true,"href":"https:\/\/chicagodesavanja.us\/en\/wp-json\/wp\/v2\/tags?post=21584"}],"curies":[{"name":"WP","href":"https:\/\/api.w.org\/{rel}","templated":true}]}}