{"id":21562,"date":"2025-11-17T03:15:00","date_gmt":"2025-11-17T03:15:00","guid":{"rendered":"https:\/\/chicagodesavanja.us\/cikago-ulazi-u-budzetsku-bitku\/"},"modified":"2025-11-17T03:15:00","modified_gmt":"2025-11-17T03:15:00","slug":"cikago-ulazi-u-budzetsku-bitku","status":"publish","type":"post","link":"https:\/\/chicagodesavanja.us\/en\/vesti\/cikago-ulazi-u-budzetsku-bitku\/","title":{"rendered":"Prelomna nedelja za \u010cikago: Bud\u017eet visi o koncu, head tax u fokusu rasprave"},"content":{"rendered":"<p class=\"wp-block-paragraph\">O\u010dekuje se da \u0107e gradski bud\u017eet \u010cikaga za 2026. godinu biti stavljen na glasanje, dok administracija gradona\u010delnika <strong>Brandon Johnson<\/strong> intenzivno radi na pridobijanju dovoljno glasova u City Council-u. Iako je glasanje planirano za \u010detvrtak, 20. novembar izvesno je da \u0107e odluka biti doneta \u201etesno\u201c, a pojedini odbornici spekuli\u0161u da bi gradona\u010delnik mogao biti prinu\u0111en da sam presudi \u2013 kao tie-breaking glas.<\/p>\n\n\n\n<p class=\"wp-block-paragraph\"><strong>Ubla\u017eavanje head tax pred odlu\u010duju\u0107e glasanje<\/strong><\/p>\n\n\n\n<p class=\"wp-block-paragraph\">Najvi\u0161e polemike izaziva predlog za uvo\u0111enje <strong>corporate head tax<\/strong>, koji bi se primenjivao na kompanije sa vi\u0161e od <strong>200 zaposlenih<\/strong>, umesto na 100 kako je prvobitno predlo\u017eeno. Prema procenama, porez bi doneo oko <strong>$100 miliona<\/strong> namenjenih programima za prevenciju nasilja.<\/p>\n\n\n\n<p class=\"wp-block-paragraph\">Dok pristalice ovog re\u0161enja isti\u010du da je cilj da korporacije \u201eimaju vi\u0161e udela u finansiranju budu\u0107nosti \u010cikaga\u201c, protivnici tvrde da administracija prvo mora prona\u0107i nove u\u0161tede.<\/p>\n\n\n\n<p class=\"wp-block-paragraph\">Alderman 32nd Ward-a <strong>Scott Waguespack<\/strong> optu\u017euje administraciju za nedostatak transparentnosti:<br>\u201eTra\u017eimo vi\u0161e rezova i vi\u0161e efikasnosti, ali oni to ne prikazuju. Odbornici su frustrirani, a i na\u0161i bira\u010di.\u201c<\/p>\n\n\n\n<p class=\"wp-block-paragraph\"><strong>Optu\u017ebe za politi\u010dke pogodbe<\/strong><\/p>\n\n\n\n<p class=\"wp-block-paragraph\">Alderman 9th Ward-a <strong>Anthony Beale<\/strong> tvrdi da Johnsonov tim poku\u0161ava da obezbedi podr\u0161ku kroz politi\u010dke ustupke:<\/p>\n\n\n\n<p class=\"wp-block-paragraph\">\u201ePrave se dogovori kako bi se kupili glasovi, nude se mali projekti u zamenu za podr\u0161ku. To je na \u0161tetu \u010ditavog grada.\u201c<\/p>\n\n\n\n<p class=\"wp-block-paragraph\">U me\u0111uvremenu, saveznici gradona\u010delnika poru\u010duju da porez nije udar na biznis, ve\u0107 jasno postavljanje prioriteta. Alderman 26th Ward-a <strong>Jessie Fuentes<\/strong> isti\u010de da kompanije treba da u\u010destvuju u stvaranju grada u kojem svi \u017eele da \u017eive.<\/p>\n\n\n\n<p class=\"wp-block-paragraph\"><strong>Johnson odbacuje kritike: \u2018Ne na teret radnika\u2019<\/strong><\/p>\n\n\n\n<p class=\"wp-block-paragraph\">Gradona\u010delnik <strong>Brandon Johnson<\/strong> sna\u017eno brani svoj predlog:<\/p>\n\n\n\n<p class=\"wp-block-paragraph\">\u201eIli \u0107emo izazvati korporacije i najbogatije, ili \u0107emo bud\u017eet izbalansirati na le\u0111ima radnika. Ja sam obe\u0107ao da to ne\u0107u raditi.\u201c<\/p>\n\n\n\n<p class=\"wp-block-paragraph\">Alderman Bud\u017eetskog odbora <strong>Jason Ervin<\/strong> postavlja klju\u010dno pitanje: ako se odbije head tax, gde prona\u0107i tih <strong>$100 miliona<\/strong>?<\/p>\n\n\n\n<p class=\"wp-block-paragraph\"><strong>Ka\u0161njenje predloga i kampanja za poslednje glasove<\/strong><\/p>\n\n\n\n<p class=\"wp-block-paragraph\">Iako su odbornici o\u010dekivali da \u0107e Johnson u petak predstaviti kompletan revenue package, on je odlo\u017een za ponedeljak i predstavi\u0107e se tokom odborni\u010dkih sednica. To daje administraciji dodatno vreme za prilago\u0111avanje predloga i razgovore sa kolebljivim \u010dlanovima.<\/p>\n\n\n\n<p class=\"wp-block-paragraph\">Neki odbornici pozivaju na sporiji proces, poput Alderman-a 34th Ward-a <strong>Bill Conway<\/strong>, koji ka\u017ee da grad mora donositi \u201eprave fiskalne odluke, a ne hitne\u201c.<\/p>\n\n\n\n<p class=\"wp-block-paragraph\">Johnson uzvra\u0107a da nema smisla usporavati proces samo radi odlaganja.<\/p>\n\n\n\n<p class=\"wp-block-paragraph\"><strong>Odlu\u010duju\u0107i dan: Glasanje u \u010detvrtak, 20. novembra<\/strong><\/p>\n\n\n\n<p class=\"wp-block-paragraph\">Administracija \u0107e tokom vikenda poku\u0161ati da obezbedi najmanje <strong>25 glasova<\/strong> potrebnih za formalno izno\u0161enje bud\u017eeta na glasanje. Trenutno se veruje da nekoliko preostalih glasova mo\u017ee odlu\u010diti sudbinu celog predloga \u2013 i eventualno naterati Johnsona da sam prelomni glas.<\/p>\n\n\n\n<p class=\"wp-block-paragraph\" style=\"font-size:10px\">SOURCE: <a href=\"https:\/\/abc7chicago.com\/post\/chicago-budget-vote-expected-week-mayor-brandon-johnson-administration-softens-head-tax-proposal-works-votes\/18156100\/\" target=\"_blank\" rel=\"noopener\">ABC7CHICAGO<\/a> PHOTO: YOUTUBE SCREENSHOT<\/p>","protected":false},"excerpt":{"rendered":"<p>O\u010dekuje se da \u0107e gradski bud\u017eet \u010cikaga za 2026. godinu biti stavljen na glasanje, dok administracija gradona\u010delnika Brandon Johnson intenzivno radi na pridobijanju dovoljno glasova u City Council-u. Iako je glasanje planirano za \u010detvrtak, 20. novembar izvesno je da \u0107e odluka biti doneta \u201etesno\u201c, a pojedini odbornici spekuli\u0161u da bi gradona\u010delnik mogao biti prinu\u0111en da [&hellip;]<\/p>\n","protected":false},"author":3,"featured_media":15047,"comment_status":"","ping_status":"","sticky":false,"template":"","format":"standard","meta":{"footnotes":""},"categories":[368,653,369],"tags":[1243,9723,18148,18149,966,16154,18150,11157,18151,18152,370,18153,9464,12717,18154],"class_list":["post-21562","post","type-post","status-publish","format-standard","has-post-thumbnail","hentry","category-vesti-amerika","category-cikago","category-vesti","tag-anthony-beale","tag-bill-conway","tag-brandon-johnson-budget","tag-budget-negotiations-chicago","tag-budzet","tag-chicago-budget-2026","tag-chicago-budget-vote","tag-chicago-city-council","tag-chicago-corporate-head-tax","tag-chicago-revenue-package","tag-cikago","tag-head-tax-proposal","tag-jason-ervin","tag-jessie-fuentes","tag-scott-waguespack"],"_links":{"self":[{"href":"https:\/\/chicagodesavanja.us\/en\/wp-json\/wp\/v2\/posts\/21562","targetHints":{"allow":["GET"]}}],"collection":[{"href":"https:\/\/chicagodesavanja.us\/en\/wp-json\/wp\/v2\/posts"}],"about":[{"href":"https:\/\/chicagodesavanja.us\/en\/wp-json\/wp\/v2\/types\/post"}],"author":[{"embeddable":true,"href":"https:\/\/chicagodesavanja.us\/en\/wp-json\/wp\/v2\/users\/3"}],"replies":[{"embeddable":true,"href":"https:\/\/chicagodesavanja.us\/en\/wp-json\/wp\/v2\/comments?post=21562"}],"version-history":[{"count":0,"href":"https:\/\/chicagodesavanja.us\/en\/wp-json\/wp\/v2\/posts\/21562\/revisions"}],"wp:featuredmedia":[{"embeddable":true,"href":"https:\/\/chicagodesavanja.us\/en\/wp-json\/wp\/v2\/media\/15047"}],"wp:attachment":[{"href":"https:\/\/chicagodesavanja.us\/en\/wp-json\/wp\/v2\/media?parent=21562"}],"wp:term":[{"taxonomy":"category","embeddable":true,"href":"https:\/\/chicagodesavanja.us\/en\/wp-json\/wp\/v2\/categories?post=21562"},{"taxonomy":"post_tag","embeddable":true,"href":"https:\/\/chicagodesavanja.us\/en\/wp-json\/wp\/v2\/tags?post=21562"}],"curies":[{"name":"WP","href":"https:\/\/api.w.org\/{rel}","templated":true}]}}