{"id":21474,"date":"2025-11-25T03:05:00","date_gmt":"2025-11-25T03:05:00","guid":{"rendered":"https:\/\/chicagodesavanja.us\/bela-kuca-svaki-buduci-sporazum-treba-da-postuje-suverenitet-ukrajine\/"},"modified":"2025-11-25T03:05:00","modified_gmt":"2025-11-25T03:05:00","slug":"bela-kuca-svaki-buduci-sporazum-treba-da-postuje-suverenitet-ukrajine","status":"publish","type":"post","link":"https:\/\/chicagodesavanja.us\/en\/vesti\/bela-kuca-svaki-buduci-sporazum-treba-da-postuje-suverenitet-ukrajine\/","title":{"rendered":"Bela ku\u0107a: Mirovni sporazum treba u potpunosti da po\u0161tuje ukrajinski suverenitet"},"content":{"rendered":"<p class=\"wp-block-paragraph\">Ameri\u010dke i ukrajinske vlasti potvrdile su da budu\u0107i sporazum za okon\u010danje sukoba sa Rusijom &#8222;treba u potpunosti da po\u0161tuje suverenitet Ukrajine&#8220;, saop\u0161tila je Bela ku\u0107a posle razgovora u \u017denevi izme\u0111u Amerikanaca, Ukrajinaca i predstavnika Evropske unije.<\/p>\n\n\n\n<p class=\"wp-block-paragraph\">Ameri\u010dko predsedni\u0161tvo pozdravilo je razgovore u \u0160vajcarskoj, kojima je prisustvovao dr\u017eavni sekretar Marco Rubio, \u0161to je predstavlja &#8222;zna\u010dajan korak napred&#8220; ka mirovnom re\u0161enju u ratom razorenoj Ukrajini.<\/p>\n\n\n\n<p class=\"wp-block-paragraph\">Rubio je izrazio &#8222;veliki optimizam&#8220; u mogu\u0107nosti postizanja sporazuma, kako je ocenio, do toga treba da do\u0111e &#8222;vrlo brzo&#8220;.<\/p>\n\n\n\n<p class=\"wp-block-paragraph\">\u017denevski razgovori, zasnovani su na planu ameri\u010dkog predsednika Donalda Trump-a od 28 ta\u010daka za okon\u010danje sukoba zapo\u010detog ruskom invazijom 24. februara 2022. godine.<\/p>\n\n\n\n<p class=\"wp-block-paragraph\">&#8222;Razgovori su bili konstruktivni, usmereni ka ciljevima, uz zajedni\u010dku posve\u0107enost postizanju pravednog i trajnog mira&#8220;, navela je Bela ku\u0107a u saop\u0161tenju sa ukrajinskom delegacijom prisutnom u \u017denevi.<\/p>\n\n\n\n<p class=\"wp-block-paragraph\">Obe strane su &#8222;potvrdile da svaki budu\u0107i sporazum treba u potpunosti da po\u0161tuje suverenitet Ukrajine&#8220;, navodi se u saop\u0161tenju i dodaje da su posle razgovora SAD i Ukrajina &#8222;izradile novu verziju mirovnog okvira&#8220;.<\/p>\n\n\n\n<p class=\"wp-block-paragraph\">U \u017denevi, ukrajinski pregovara\u010d Andrij Jermak, &#8222;desna ruka&#8220; Volodimira Zelenskog, rekao je da je postignut veoma dobar napredak u razgovorima, nakon \u0161to je ukrajinski predsednik nazna\u010dio da nova verzija ameri\u010dkog plana odra\u017eava &#8222;ve\u0107inu klju\u010dnih prioriteta Kijeva&#8220;.<\/p>\n\n\n\n<p class=\"wp-block-paragraph\">Trump je dao Zelenskom rok do 27. novembra da odgovori, pre nego \u0161to je u subotu, 22. novembra rekao da ovaj plan nije njegova &#8222;kona\u010dna ponuda&#8220;.<\/p>\n\n\n\n<p class=\"wp-block-paragraph\">Prvobitna verzija dokumenta izazvala je protivljenje Kijeva i njegovih evropskih saveznika, koji su u nedelju do\u0161li u \u017denevu kako bi spre\u010dili mir koji bi se svodio na kapitulaciju Ukrajine.<\/p>\n\n\n\n<p class=\"wp-block-paragraph\" style=\"font-size:10px\">SOURCE: <a href=\"https:\/\/n1info.rs\/svet\/bela-kuca-mirovni-sporazum-treba-u-potpunosti-da-postuje-ukrajinski-suverenitet\/\" target=\"_blank\" rel=\"noopener\">N1<\/a> PHOTO: PEXELS<\/p>","protected":false},"excerpt":{"rendered":"<p>Ameri\u010dke i ukrajinske vlasti potvrdile su da budu\u0107i sporazum za okon\u010danje sukoba sa Rusijom &#8222;treba u potpunosti da po\u0161tuje suverenitet Ukrajine&#8220;, saop\u0161tila je Bela ku\u0107a posle razgovora u \u017denevi izme\u0111u Amerikanaca, Ukrajinaca i predstavnika Evropske unije. Ameri\u010dko predsedni\u0161tvo pozdravilo je razgovore u \u0160vajcarskoj, kojima je prisustvovao dr\u017eavni sekretar Marco Rubio, \u0161to je predstavlja &#8222;zna\u010dajan korak [&hellip;]<\/p>\n","protected":false},"author":3,"featured_media":12881,"comment_status":"","ping_status":"","sticky":false,"template":"","format":"standard","meta":{"footnotes":""},"categories":[368,369],"tags":[538,404,17637,1485,841,1703,1037,1487],"class_list":["post-21474","post","type-post","status-publish","format-standard","has-post-thumbnail","hentry","category-vesti-amerika","category-vesti","tag-amerika","tag-donald-trump","tag-pregovori-u-zenevi","tag-rat-u-ukrajini","tag-rusija","tag-sporazum","tag-ukrajina","tag-volodimir-zelenski"],"_links":{"self":[{"href":"https:\/\/chicagodesavanja.us\/en\/wp-json\/wp\/v2\/posts\/21474","targetHints":{"allow":["GET"]}}],"collection":[{"href":"https:\/\/chicagodesavanja.us\/en\/wp-json\/wp\/v2\/posts"}],"about":[{"href":"https:\/\/chicagodesavanja.us\/en\/wp-json\/wp\/v2\/types\/post"}],"author":[{"embeddable":true,"href":"https:\/\/chicagodesavanja.us\/en\/wp-json\/wp\/v2\/users\/3"}],"replies":[{"embeddable":true,"href":"https:\/\/chicagodesavanja.us\/en\/wp-json\/wp\/v2\/comments?post=21474"}],"version-history":[{"count":0,"href":"https:\/\/chicagodesavanja.us\/en\/wp-json\/wp\/v2\/posts\/21474\/revisions"}],"wp:featuredmedia":[{"embeddable":true,"href":"https:\/\/chicagodesavanja.us\/en\/wp-json\/wp\/v2\/media\/12881"}],"wp:attachment":[{"href":"https:\/\/chicagodesavanja.us\/en\/wp-json\/wp\/v2\/media?parent=21474"}],"wp:term":[{"taxonomy":"category","embeddable":true,"href":"https:\/\/chicagodesavanja.us\/en\/wp-json\/wp\/v2\/categories?post=21474"},{"taxonomy":"post_tag","embeddable":true,"href":"https:\/\/chicagodesavanja.us\/en\/wp-json\/wp\/v2\/tags?post=21474"}],"curies":[{"name":"WP","href":"https:\/\/api.w.org\/{rel}","templated":true}]}}