{"id":21228,"date":"2025-12-16T04:14:00","date_gmt":"2025-12-16T04:14:00","guid":{"rendered":"https:\/\/chicagodesavanja.us\/tanja-jeftenic-posao-sa-nekretninama-daje-joj-fleksibilnost-da-i-dalje-bude-posvecena-astorii\/"},"modified":"2026-05-15T08:59:17","modified_gmt":"2026-05-15T08:59:17","slug":"tanja-jeftenic-posao-sa-nekretninama-daje-joj-fleksibilnost-da-i-dalje-bude-posvecena-astorii","status":"publish","type":"post","link":"https:\/\/chicagodesavanja.us\/en\/vesti\/tanja-jeftenic-posao-sa-nekretninama-daje-joj-fleksibilnost-da-i-dalje-bude-posvecena-astorii\/","title":{"rendered":"Od doma\u0107e kuhinje do nekretnina: Tanja Jefteni\u0107 iz \u010cikaga o novom poglavlju, \u201eAstoriji\u201c i hrabrim poslovnim odlukama"},"content":{"rendered":"<p class=\"wp-block-paragraph\">Tanja Jefteni\u0107 iz \u010cikaga je poznata i priznata preduzetnica, uspe\u0161na mlada \u017eena koja ve\u0107 vi\u0161e od decenije vodi poznatu kafe pekaru \u201eAstoria\u201c. <\/p>\n\n\n\n<p class=\"wp-block-paragraph\">Specijaliteti njene mame, koji sve podse\u0107aju na topli dom, poput sarme, bureka, kola\u010da i torti, njihov su za\u0161titni znak. Ipak, u proteklom periodu, prate\u0107i tr\u017ei\u0161te, Tanja Jefteni\u0107 se odva\u017eila na potpuno nove korake.<\/p>\n\n\n\n<figure class=\"wp-block-image size-full\"><img loading=\"lazy\" decoding=\"async\" width=\"800\" height=\"1000\" src=\"https:\/\/chicagodesavanja.us\/wp-content\/uploads\/2025\/12\/Astoria-2.png\" alt=\"\" class=\"wp-image-14787\" srcset=\"https:\/\/chicagodesavanja.us\/wp-content\/uploads\/2025\/12\/Astoria-2.png 800w, https:\/\/chicagodesavanja.us\/wp-content\/uploads\/2025\/12\/Astoria-2-240x300.png 240w, https:\/\/chicagodesavanja.us\/wp-content\/uploads\/2025\/12\/Astoria-2-768x960.png 768w, https:\/\/chicagodesavanja.us\/wp-content\/uploads\/2025\/12\/Astoria-2-370x462.png 370w, https:\/\/chicagodesavanja.us\/wp-content\/uploads\/2025\/12\/Astoria-2-192x240.png 192w, https:\/\/chicagodesavanja.us\/wp-content\/uploads\/2025\/12\/Astoria-2-84x105.png 84w\" sizes=\"auto, (max-width: 800px) 100vw, 800px\" \/><figcaption class=\"wp-element-caption\">Tanja Jefteni\u0107 ve\u0107 vi\u0161e od decenije vodi poznatu kafe pekaru \u201eAstoria\u201c I Foto: Privatna arhiva<\/figcaption><\/figure>\n\n\n\n<p class=\"wp-block-paragraph\"><\/p>\n\n\n\n<p class=\"wp-block-paragraph\"><em>Dugo Vas znamo kao uspe\u0161nu \u017eenu u biznisu, u\u017eivali smo uz Va\u0161e<\/em> <em>specijalitete godinama, u kojoj je sada fazi \u201eAstoria\u201c?<\/em><\/p>\n\n\n\n<p class=\"wp-block-paragraph\">Posle devet godina rada zatvorile smo na\u0161u fizi\u010dku lokaciju i trenutno funkcioni\u0161emo iz komercijalne kuhinje dok ne prona\u0111emo prostor koji \u0107e nam bolje odgovarati. Inflacija i visoki tro\u0161kovi poslovanja uticali su na ovu odluku, ali \u201eAstoria\u201c i dalje radi punim kapacitetom \u2014 pravimo sve na\u0161e specijalitete po porud\u017ebini i fokusirane smo na kvalitet, kao i uvek, za bli\u017ee informacije <a href=\"http:\/\/www.astoria-cafe.com\" target=\"_blank\" rel=\"noopener\">posetite sajt<\/a>.<\/p>\n\n\n\n<figure class=\"wp-block-image size-full\"><img loading=\"lazy\" decoding=\"async\" width=\"800\" height=\"804\" src=\"https:\/\/chicagodesavanja.us\/wp-content\/uploads\/2025\/12\/Astorija-3.png\" alt=\"\" class=\"wp-image-14786\" srcset=\"https:\/\/chicagodesavanja.us\/wp-content\/uploads\/2025\/12\/Astorija-3.png 800w, https:\/\/chicagodesavanja.us\/wp-content\/uploads\/2025\/12\/Astorija-3-150x150.png 150w, https:\/\/chicagodesavanja.us\/wp-content\/uploads\/2025\/12\/Astorija-3-768x772.png 768w, https:\/\/chicagodesavanja.us\/wp-content\/uploads\/2025\/12\/Astorija-3-460x462.png 460w, https:\/\/chicagodesavanja.us\/wp-content\/uploads\/2025\/12\/Astorija-3-239x240.png 239w, https:\/\/chicagodesavanja.us\/wp-content\/uploads\/2025\/12\/Astorija-3-104x105.png 104w\" sizes=\"auto, (max-width: 800px) 100vw, 800px\" \/><figcaption class=\"wp-element-caption\">Tanja Jefteni\u0107 se odva\u017eila na potpuno nove korake I Foto: Privatna arhiva<\/figcaption><\/figure>\n\n\n\n<p class=\"wp-block-paragraph\"><em>Kakvi su sada novi izazovi ispred Vas, saznali smo da menjate delatnost?<\/em><\/p>\n\n\n\n<p class=\"wp-block-paragraph\">Poslednjih 15 godina radila sam u prodaji, tako da je prelazak u posao sa nekretninama bio sasvim prirodan korak za mene. Ovaj posao mi daje fleksibilnost da i dalje budem posve\u0107ena \u201eAstoriji\u201c, ali i da se paralelno bavim drugim projektima koji me inspiri\u0161u. Na dru\u0161tvenim mre\u017eama imam preko 70.000 pratilaca, \u0161to mi je mnogo pomoglo pri ulasku u novi posao, posebno u oblasti prodaje. Dobila sam vrlo pozitivne reakcije od klijenata i pratilaca kada sam objavila da ulazim u nekretnine, ali bilo je i iznena\u0111enih, posebno me\u0111u ljudima iz iste bran\u0161e koje poznajem i koje sam ranije podr\u017eavala. Neki su se \u010dak ose\u0107ali ugro\u017eeno, iako je tr\u017ei\u0161te nekretnina toliko veliko da za sve ima dovoljno klijenata i ku\u0107a. Sada radim u oblasti stambenih nekretnina. Poma\u017eem klijentima da sa lako\u0107om i sigurno\u0161\u0107u pro\u0111u kroz svaki korak kupovine ili prodaje svog doma, obja\u0161njava Tanja Jefteni\u0107.<\/p>\n\n\n\n<figure class=\"wp-block-image size-full\"><img loading=\"lazy\" decoding=\"async\" width=\"1000\" height=\"563\" src=\"https:\/\/chicagodesavanja.us\/wp-content\/uploads\/2025\/12\/Astoria-6.png\" alt=\"\" class=\"wp-image-14785\" srcset=\"https:\/\/chicagodesavanja.us\/wp-content\/uploads\/2025\/12\/Astoria-6.png 1000w, https:\/\/chicagodesavanja.us\/wp-content\/uploads\/2025\/12\/Astoria-6-300x169.png 300w, https:\/\/chicagodesavanja.us\/wp-content\/uploads\/2025\/12\/Astoria-6-768x432.png 768w, https:\/\/chicagodesavanja.us\/wp-content\/uploads\/2025\/12\/Astoria-6-821x462.png 821w, https:\/\/chicagodesavanja.us\/wp-content\/uploads\/2025\/12\/Astoria-6-320x180.png 320w, https:\/\/chicagodesavanja.us\/wp-content\/uploads\/2025\/12\/Astoria-6-150x84.png 150w\" sizes=\"auto, (max-width: 1000px) 100vw, 1000px\" \/><\/figure>\n\n\n\n<p class=\"wp-block-paragraph\"><\/p>\n\n\n\n<p class=\"wp-block-paragraph\"><em>Kakva su iskustva va\u0161ih kolega u oblasti biznisa u vreme najnovijih izazova?<\/em><\/p>\n\n\n\n<p class=\"wp-block-paragraph\">Trenutno je zaista te\u0161ko, posebno u ugostiteljstvu. Mnogi objekti se zatvaraju, \u010dak i oni koji su radili 40 i vi\u0161e godina. Cene osnovnih namirnica, poput jaja, oti\u0161le su u nebesa, pa se danas mnogi biznisi suo\u010davaju sa izborom izme\u0111u kvaliteta i pristupa\u010dne cene \u2014 a u ovom momentu te\u0161ko je imati oboje. Mi smo sre\u0107ni \u0161to uprkos svemu i dalje mo\u017eemo da radimo. Imale smo tu sre\u0107u, ali i snagu, jer smo mama i ja mogle da radimo sve same \u2014 posebno moja mama, koja je i pekar i kuvar. Ona je mogla da priprema kuvana jela, da pravi burek, dezerte i torte. Da bih nekoga drugog zaposlila za sve to, morala bih anga\u017eovati najmanje \u010detiri osobe. Ja sam preuzela poslovni deo i rad sa mu\u0161terijama, i upravo su nas te dve stvari spasile \u2014 u\u0161tedele su nam ogromne tro\u0161kove. Da smo morale da zaposlimo svakog radnika za svaku poziciju, nikada ne bismo opstale ovoliko dugo, nagla\u0161ava Tanja Jefteni\u0107.<\/p>\n\n\n\n<figure class=\"wp-block-image size-full\"><img loading=\"lazy\" decoding=\"async\" width=\"800\" height=\"897\" src=\"https:\/\/chicagodesavanja.us\/wp-content\/uploads\/2025\/12\/Astoria-4.png\" alt=\"\" class=\"wp-image-14783\" srcset=\"https:\/\/chicagodesavanja.us\/wp-content\/uploads\/2025\/12\/Astoria-4.png 800w, https:\/\/chicagodesavanja.us\/wp-content\/uploads\/2025\/12\/Astoria-4-268x300.png 268w, https:\/\/chicagodesavanja.us\/wp-content\/uploads\/2025\/12\/Astoria-4-768x861.png 768w, https:\/\/chicagodesavanja.us\/wp-content\/uploads\/2025\/12\/Astoria-4-412x462.png 412w, https:\/\/chicagodesavanja.us\/wp-content\/uploads\/2025\/12\/Astoria-4-214x240.png 214w, https:\/\/chicagodesavanja.us\/wp-content\/uploads\/2025\/12\/Astoria-4-94x105.png 94w\" sizes=\"auto, (max-width: 800px) 100vw, 800px\" \/><figcaption class=\"wp-element-caption\">Specijaliteti Tanje i njene mame, koji sve podse\u0107aju na topli dom, poput sarme, bureka, kola\u010da i torti, njihov su za\u0161titni znak&#8220;Astorie&#8220;<\/figcaption><\/figure>\n\n\n\n<p class=\"wp-block-paragraph\"><\/p>\n\n\n\n<p class=\"wp-block-paragraph\"><em>Kakvi su Vam planovi za budu\u0107nost?<\/em><\/p>\n\n\n\n<p class=\"wp-block-paragraph\">Iskreno, presre\u0107na sam \u0161to sam se vratila na posao bez tereta vo\u0111enja lokala i svih tro\u0161kova koji dolaze s tim. Posle devet godina biti svoj gazda, ponovo raditi \u201eregularan\u201c posao ispalo je mnogo lak\u0161e nego \u0161to sam o\u010dekivala \u2014 nema brige o ra\u010dunima, dugim satima i stalnom stresu. Imamo zakup prostora u komercijalnoj kuhinji do slede\u0107eg leta, \u0161to nam daje dovoljno vremena da polako prona\u0111emo novu lokaciju za na\u0161u budu\u0107u poslasti\u010darnicu. Mnogi se nadaju da \u0107e Tramp ponovo pokrenuti ekonomiju, pa \u0107emo videti u kom \u0107e se smeru sve dalje razvijati, iskreno govori Tanja Jefteni\u0107.<\/p>\n\n\n\n<p class=\"wp-block-paragraph\"><em>Poruka za sve one koji prolaze kroz te\u017eak period ili menjaju<\/em> <em>posao?<\/em><\/p>\n\n\n\n<p class=\"wp-block-paragraph\">Nemojte se bojati da po\u010dnete iznova. Ve\u0107ina na\u0161ih ljudi je do\u0161la ovde bez znanja jezika, bez novca, i ipak su uspeli. Vi danas ne po\u010dinjete od nule \u2014 ve\u0107 iz iskustva. Ne odustajte \u2014 samo gurajte napred.<\/p>\n\n\n\n<p class=\"wp-block-paragraph\">Tanja Jefteni\u0107 i njena mama imaju svu na\u0161u podr\u0161ku, jer \u010dime god se bavile, dokazale su i pokazale da su sna\u017ene \u017eene u biznisu, i da mogu sve. Dok nas Tanja ne iznenadi jo\u0161 novijim koracima, za sve bli\u017ee informacije posetite <a href=\"https:\/\/www.instagram.com\/chicago.r3altor?igsh=aTV6ZmNxYXJjamEy\" target=\"_blank\" rel=\"noopener\">njen Instagram profil<\/a>.<\/p>\n\n\n\n<p class=\"wp-block-paragraph\" style=\"font-size:10px\">PI\u0160E: SNE\u017dANA LAZI\u0106 I FOTO: PRIVATNA ARHIVA<\/p>","protected":false},"excerpt":{"rendered":"<p>Tanja Jefteni\u0107 iz \u010cikaga je poznata i priznata preduzetnica, uspe\u0161na mlada \u017eena koja ve\u0107 vi\u0161e od decenije vodi poznatu kafe pekaru \u201eAstoria\u201c. Specijaliteti njene mame, koji sve podse\u0107aju na topli dom, poput sarme, bureka, kola\u010da i torti, njihov su za\u0161titni znak. Ipak, u proteklom periodu, prate\u0107i tr\u017ei\u0161te, Tanja Jefteni\u0107 se odva\u017eila na potpuno nove korake. [&hellip;]<\/p>\n","protected":false},"author":3,"featured_media":14788,"comment_status":"closed","ping_status":"","sticky":false,"template":"","format":"standard","meta":{"wpai_generated_summary":"","footnotes":""},"categories":[368,653,599],"tags":[16178,16179,16180,16181,16182,16183,1042,5211,16184,16185,16186,10787,16187,11792,16188,16189],"class_list":["post-21228","post","type-post","status-publish","format-standard","has-post-thumbnail","hentry","category-vesti-amerika","category-cikago","category-predstavljamo","tag-astoria-chicago","tag-domaca-kuhinja-u-cikagu","tag-inflacija-i-ugostiteljstvo","tag-inspirativne-poslovne-price","tag-kafe-pekara-astoria","tag-mali-biznisi-u-sad","tag-nasi-ljudi-u-americi","tag-nasi-ljudi-u-cikagu","tag-nekretnine-u-cikagu","tag-promene-u-biznisu","tag-sarma-i-burek-cikago","tag-srpska-dijaspora-u-americi","tag-srpski-preduzetnici-u-cikagu","tag-tanja-jeftenic","tag-uspesne-zene-u-biznisu","tag-zensko-preduzetnistvo"],"_links":{"self":[{"href":"https:\/\/chicagodesavanja.us\/en\/wp-json\/wp\/v2\/posts\/21228","targetHints":{"allow":["GET"]}}],"collection":[{"href":"https:\/\/chicagodesavanja.us\/en\/wp-json\/wp\/v2\/posts"}],"about":[{"href":"https:\/\/chicagodesavanja.us\/en\/wp-json\/wp\/v2\/types\/post"}],"author":[{"embeddable":true,"href":"https:\/\/chicagodesavanja.us\/en\/wp-json\/wp\/v2\/users\/3"}],"replies":[{"embeddable":true,"href":"https:\/\/chicagodesavanja.us\/en\/wp-json\/wp\/v2\/comments?post=21228"}],"version-history":[{"count":1,"href":"https:\/\/chicagodesavanja.us\/en\/wp-json\/wp\/v2\/posts\/21228\/revisions"}],"predecessor-version":[{"id":21229,"href":"https:\/\/chicagodesavanja.us\/en\/wp-json\/wp\/v2\/posts\/21228\/revisions\/21229"}],"wp:featuredmedia":[{"embeddable":true,"href":"https:\/\/chicagodesavanja.us\/en\/wp-json\/wp\/v2\/media\/14788"}],"wp:attachment":[{"href":"https:\/\/chicagodesavanja.us\/en\/wp-json\/wp\/v2\/media?parent=21228"}],"wp:term":[{"taxonomy":"category","embeddable":true,"href":"https:\/\/chicagodesavanja.us\/en\/wp-json\/wp\/v2\/categories?post=21228"},{"taxonomy":"post_tag","embeddable":true,"href":"https:\/\/chicagodesavanja.us\/en\/wp-json\/wp\/v2\/tags?post=21228"}],"curies":[{"name":"WP","href":"https:\/\/api.w.org\/{rel}","templated":true}]}}