{"id":21056,"date":"2026-01-01T02:53:00","date_gmt":"2026-01-01T02:53:00","guid":{"rendered":"https:\/\/chicagodesavanja.us\/mina-kostic-upoznala-svog-decka-posle-sest-meseci-svi-mislili-da-laze-a-sada-su-potvrdili-romansu\/"},"modified":"2026-01-01T02:53:00","modified_gmt":"2026-01-01T02:53:00","slug":"mina-kostic-upoznala-svog-decka-posle-sest-meseci-svi-mislili-da-laze-a-sada-su-potvrdili-romansu","status":"publish","type":"post","link":"https:\/\/chicagodesavanja.us\/en\/vesti\/mina-kostic-upoznala-svog-decka-posle-sest-meseci-svi-mislili-da-laze-a-sada-su-potvrdili-romansu\/","title":{"rendered":"Mina Kosti\u0107 upoznala svog de\u010dka posle \u0161est meseci: Svi mislili da la\u017ee, a sada su potvrdili romansu"},"content":{"rendered":"<p class=\"wp-block-paragraph\">Peva\u010dica Mina Kosti\u0107 ponovo je dospela u centar pa\u017enje javnosti nakon \u0161to je potvrdila da je u emotivnoj vezi sa biznismenom koji se u javnosti predstavlja kao Kasper.<\/p>\n\n\n\n<p class=\"wp-block-paragraph\">Veza koja je mesecima intrigirala javnost, kona\u010dno je dobila i zvani\u010dnu potvrdu.<\/p>\n\n\n\n<p class=\"wp-block-paragraph\">Naime, misteriozni partner\u00a0Mine Kosti\u0107\u00a0se uklju\u010dio u\u017eivo u emisiju \u201eAmid\u017ei \u0161ou\u201c, gde je prvi put otvoreno govorio o njihovom odnosu i tom prilikom otkrio svoj identitet. Njegovo uklju\u010denje izazvalo je veliki broj reakcija, budu\u0107i da se do sada o njihovoj romansi znalo vrlo malo.<\/p>\n\n\n\n<p class=\"wp-block-paragraph\">Dodatne spekulacije pokrenula je Mina objavom na Instagramu, gde je podelila fotografije koje, prema svemu sude\u0107i, ukazuju na to da je Kasper doputovao u Srbiju. Peva\u010dica je sa pratiocima podelila zajedni\u010dke trenutke, \u010dime je potvrdila da su se kona\u010dno i li\u010dno upoznali.<\/p>\n\n\n\n<p class=\"wp-block-paragraph\">Ovo je, kako pi\u0161e&nbsp;<a href=\"https:\/\/www.kurir.rs\/stars\/9873867\/mina-kostic-upoznala-decka\" target=\"_blank\" rel=\"noopener\">\u201eKurir\u201c<\/a>, njihov prvi susret u\u017eivo, iako su u vezi vi\u0161e od \u0161est meseci.<\/p>\n\n\n\n<p class=\"wp-block-paragraph\">\u201eNa\u0161a veza je potpuno stvarna\u00a0i nema razloga za sumnju. Video sam Minu u\u017eivo i sve izme\u0111u nas je iskreno. U ovoj pri\u010di nema nikakvih la\u017ei\u201c, poru\u010dio je Kasper tokom gostovanja u \u201eAmid\u017ei \u0161ou\u201c.<\/p>\n\n\n\n<p class=\"wp-block-paragraph\">Njihova ljubavna pri\u010da i dalje privla\u010di veliku pa\u017enju, a javnost sa interesovanjem prati svaki novi detalj.<\/p>\n\n\n\n<p class=\"wp-block-paragraph\"><\/p>\n\n\n\n<p class=\"wp-block-paragraph\" style=\"font-size:10px\">SOURCE: <a href=\"https:\/\/nova.rs\/zabava\/showbiz\/mina-kostic-upoznala-decka\/\" target=\"_blank\" rel=\"noopener\">NOVA<\/a> PHOTO: SCREENSHOT<\/p>","protected":false},"excerpt":{"rendered":"<p>Peva\u010dica Mina Kosti\u0107 ponovo je dospela u centar pa\u017enje javnosti nakon \u0161to je potvrdila da je u emotivnoj vezi sa biznismenom koji se u javnosti predstavlja kao Kasper. Veza koja je mesecima intrigirala javnost, kona\u010dno je dobila i zvani\u010dnu potvrdu. Naime, misteriozni partner\u00a0Mine Kosti\u0107\u00a0se uklju\u010dio u\u017eivo u emisiju \u201eAmid\u017ei \u0161ou\u201c, gde je prvi put otvoreno [&hellip;]<\/p>\n","protected":false},"author":4,"featured_media":0,"comment_status":"","ping_status":"","sticky":false,"template":"","format":"standard","meta":{"wpai_generated_summary":"","footnotes":""},"categories":[619,620],"tags":[1309,622,4175,623,624,625,626],"class_list":["post-21056","post","type-post","status-publish","format-standard","hentry","category-muzika-zabava","category-zabava","tag-domaca-estrada","tag-estrada","tag-mina-kostic","tag-muzika","tag-poznati","tag-srpska-estrada","tag-zabava"],"_links":{"self":[{"href":"https:\/\/chicagodesavanja.us\/en\/wp-json\/wp\/v2\/posts\/21056","targetHints":{"allow":["GET"]}}],"collection":[{"href":"https:\/\/chicagodesavanja.us\/en\/wp-json\/wp\/v2\/posts"}],"about":[{"href":"https:\/\/chicagodesavanja.us\/en\/wp-json\/wp\/v2\/types\/post"}],"author":[{"embeddable":true,"href":"https:\/\/chicagodesavanja.us\/en\/wp-json\/wp\/v2\/users\/4"}],"replies":[{"embeddable":true,"href":"https:\/\/chicagodesavanja.us\/en\/wp-json\/wp\/v2\/comments?post=21056"}],"version-history":[{"count":0,"href":"https:\/\/chicagodesavanja.us\/en\/wp-json\/wp\/v2\/posts\/21056\/revisions"}],"wp:attachment":[{"href":"https:\/\/chicagodesavanja.us\/en\/wp-json\/wp\/v2\/media?parent=21056"}],"wp:term":[{"taxonomy":"category","embeddable":true,"href":"https:\/\/chicagodesavanja.us\/en\/wp-json\/wp\/v2\/categories?post=21056"},{"taxonomy":"post_tag","embeddable":true,"href":"https:\/\/chicagodesavanja.us\/en\/wp-json\/wp\/v2\/tags?post=21056"}],"curies":[{"name":"WP","href":"https:\/\/api.w.org\/{rel}","templated":true}]}}