{"id":20898,"date":"2026-01-09T02:40:00","date_gmt":"2026-01-09T02:40:00","guid":{"rendered":"https:\/\/chicagodesavanja.us\/sud-stopirao-hitno-povlacenje-tuzbe-protiv-ice-a-pucnjava-u-mineapolisu-ponovo-uzdrmala-cikago\/"},"modified":"2026-01-09T02:40:00","modified_gmt":"2026-01-09T02:40:00","slug":"sud-stopirao-hitno-povlacenje-tuzbe-protiv-ice-a-pucnjava-u-mineapolisu-ponovo-uzdrmala-cikago","status":"publish","type":"post","link":"https:\/\/chicagodesavanja.us\/en\/vesti\/sud-stopirao-hitno-povlacenje-tuzbe-protiv-ice-a-pucnjava-u-mineapolisu-ponovo-uzdrmala-cikago\/","title":{"rendered":"Sud stopirao hitno povla\u010denje tu\u017ebe protiv ICE-a: Pucnjava u Mineapolisu ponovo uzdrmala \u010cikago"},"content":{"rendered":"<p class=\"wp-block-paragraph\">Savezni sudija u \u010cikagu odbila je da odmah odbaci tu\u017ebu koja je dovela do sudske zabrane ograni\u010davanja upotrebe sile tokom akcije Operation Midway Blitz, navode\u0107i kao klju\u010dni razlog smrtonosnu pucnjavu u Mineapolisu u kojoj je ICE agent usmrtio ameri\u010dku dr\u017eavljanku. <\/p>\n\n\n\n<p class=\"wp-block-paragraph\">Odluka je ponovo otvorila pitanje odgovornosti federalnih imigracionih agenata i njihove taktike na ulicama velikih gradova.<\/p>\n\n\n\n<p class=\"wp-block-paragraph\">Tu\u017ebu su jo\u0161 u oktobru 2025. podneli Chicago Headline Club i druge organizacije, tvrde\u0107i da su postupci federalnih agenata tokom racija u oblasti \u010cikaga kr\u0161ili prava novinara, pravnih posmatra\u010da i demonstranata zagarantovana Prvim amandmanom. Nakon \u0161to je sudija Sarah Ellis izdala privremenu zabranu kojom se ograni\u010dava upotreba sile, tu\u017eioci su zatra\u017eili povla\u010denje tu\u017ebe, navode\u0107i da je akcija ICE-a privremeno okon\u010dana.<\/p>\n\n\n\n<p class=\"wp-block-paragraph\">Me\u0111utim, Ellis je istakla da bi odbacivanjem predmeta automatski prestala da va\u017ei i sudska zabrana, \u0161to je, prema njenim re\u010dima, zabrinjavaju\u0107e u svetlu nedavnih doga\u0111aja u Mineapolisu. Ona je podsetila da su dokazi u predmetu pokazali potrebu za jasnim pravilima kada federalni agenti dolaze u kontakt sa novinarima i mirnim demonstrantima.<\/p>\n\n\n\n<p class=\"wp-block-paragraph\">Tokom rasprave, sudija se osvrnula i na snimke intervencija u \u010cikagu, gde su agenti, prema njenim nalazima, prekomerno koristili silu protiv mirnih okupljenih. Posebno je kritikovala svedo\u010denja zvani\u010dnika iz vremena administracije Trump, ocenjuju\u0107i da nisu bila verodostojna, te nalo\u017eila upotrebu kamera na uniformama agenata.<\/p>\n\n\n\n<p class=\"wp-block-paragraph\">Iako je Apelacioni sud privremeno suspendovao zabranu, ostavio je otvorenu mogu\u0107nost da podr\u017ei u\u017eu i preciznije definisanu meru. Ellis je zato odlo\u017eila odluku i zakazala novo ro\u010di\u0161te za 22. januar, dok se u javnosti sve vi\u0161e povla\u010de paralele izme\u0111u de\u0161avanja u \u010cikagu i aktuelnih protesta u Mineapolisu nakon smrti Renee Good.<\/p>\n\n\n\n<p class=\"wp-block-paragraph\" style=\"font-size:10px\">SOURCE: <a href=\"https:\/\/www.cbsnews.com\/chicago\/news\/judge-ellis-force-lawsuit-noem-bovino-dhs-chicago-immigration-enforcement\/\" target=\"_blank\" rel=\"noreferrer noopener\">CBS NEWS<\/a>, PHOTO: PRINTSCREEN<\/p>","protected":false},"excerpt":{"rendered":"<p>Savezni sudija u \u010cikagu odbila je da odmah odbaci tu\u017ebu koja je dovela do sudske zabrane ograni\u010davanja upotrebe sile tokom akcije Operation Midway Blitz, navode\u0107i kao klju\u010dni razlog smrtonosnu pucnjavu u Mineapolisu u kojoj je ICE agent usmrtio ameri\u010dku dr\u017eavljanku. Odluka je ponovo otvorila pitanje odgovornosti federalnih imigracionih agenata i njihove taktike na ulicama velikih [&hellip;]<\/p>\n","protected":false},"author":1,"featured_media":15751,"comment_status":"","ping_status":"","sticky":false,"template":"","format":"standard","meta":{"wpai_generated_summary":"","footnotes":""},"categories":[368,653,369],"tags":[370,12084,1340,14429,2517,14430,12146,14431,7262,14432],"class_list":["post-20898","post","type-post","status-publish","format-standard","has-post-thumbnail","hentry","category-vesti-amerika","category-cikago","category-vesti","tag-cikago","tag-federalni-imigracioni-agenti","tag-ice","tag-mineapolis-pucnjava","tag-operation-midway-blitz","tag-protesti-ice","tag-prvi-amandman","tag-sudija-sarah-ellis","tag-trump-administracija","tag-upotreba-sile-ice"],"_links":{"self":[{"href":"https:\/\/chicagodesavanja.us\/en\/wp-json\/wp\/v2\/posts\/20898","targetHints":{"allow":["GET"]}}],"collection":[{"href":"https:\/\/chicagodesavanja.us\/en\/wp-json\/wp\/v2\/posts"}],"about":[{"href":"https:\/\/chicagodesavanja.us\/en\/wp-json\/wp\/v2\/types\/post"}],"author":[{"embeddable":true,"href":"https:\/\/chicagodesavanja.us\/en\/wp-json\/wp\/v2\/users\/1"}],"replies":[{"embeddable":true,"href":"https:\/\/chicagodesavanja.us\/en\/wp-json\/wp\/v2\/comments?post=20898"}],"version-history":[{"count":0,"href":"https:\/\/chicagodesavanja.us\/en\/wp-json\/wp\/v2\/posts\/20898\/revisions"}],"wp:featuredmedia":[{"embeddable":true,"href":"https:\/\/chicagodesavanja.us\/en\/wp-json\/wp\/v2\/media\/15751"}],"wp:attachment":[{"href":"https:\/\/chicagodesavanja.us\/en\/wp-json\/wp\/v2\/media?parent=20898"}],"wp:term":[{"taxonomy":"category","embeddable":true,"href":"https:\/\/chicagodesavanja.us\/en\/wp-json\/wp\/v2\/categories?post=20898"},{"taxonomy":"post_tag","embeddable":true,"href":"https:\/\/chicagodesavanja.us\/en\/wp-json\/wp\/v2\/tags?post=20898"}],"curies":[{"name":"WP","href":"https:\/\/api.w.org\/{rel}","templated":true}]}}