{"id":20864,"date":"2026-01-11T02:40:00","date_gmt":"2026-01-11T02:40:00","guid":{"rendered":"https:\/\/chicagodesavanja.us\/najmanje-65-mrtvih-hiljade-uhapsenih-protesti-u-iranu-se-sire-uprkos-represiji\/"},"modified":"2026-01-11T02:40:00","modified_gmt":"2026-01-11T02:40:00","slug":"najmanje-65-mrtvih-hiljade-uhapsenih-protesti-u-iranu-se-sire-uprkos-represiji","status":"publish","type":"post","link":"https:\/\/chicagodesavanja.us\/en\/vesti\/najmanje-65-mrtvih-hiljade-uhapsenih-protesti-u-iranu-se-sire-uprkos-represiji\/","title":{"rendered":"Najmanje 65 mrtvih, hiljade uhap\u0161enih, protesti u Iranu se \u0161ire uprkos represiji"},"content":{"rendered":"<p class=\"wp-block-paragraph\">Iran se suo\u010dava sa jednom od najozbiljnijih unutra\u0161njih kriza u poslednjih nekoliko godina, nakon \u0161to su antire\u017eimski protesti, koji traju gotovo dve nedelje, odneli najmanje 65 \u017eivota. <\/p>\n\n\n\n<p class=\"wp-block-paragraph\">Prema podacima organizacije HRANA, ameri\u010dke novinske agencije aktivista za ljudska prava, vi\u0161e od 2.300 ljudi je uhap\u0161eno \u0161irom zemlje, dok vlasti poku\u0161avaju da silom suzbiju talas nezadovoljstva.<\/p>\n\n\n\n<p class=\"wp-block-paragraph\">Kako prenosi CNN, demonstracije su zabele\u017eene na \u010dak 512 lokacija u 180 iranskih gradova, \u0161to ukazuje na razmere pobune kakve se retko vi\u0111aju u toj zemlji. HRANA navodi da je me\u0111u poginulima najmanje 50 demonstranata, 14 pripadnika policije i snaga bezbednosti, kao i jedna osoba koja je ozna\u010dena kao civil povezan sa vladinim strukturama.<\/p>\n\n\n\n<p class=\"wp-block-paragraph\">Ta\u010dan broj \u017ertava, me\u0111utim, i dalje nije mogu\u0107e pouzdano utvrditi. Organizacije za ljudska prava upozoravaju da iranske vlasti sprovode ozbiljna ograni\u010denja komunikacija, uklju\u010duju\u0107i prekide interneta i mobilnih mre\u017ea, \u0161to znatno ote\u017eava prikupljanje i proveru informacija sa terena. Upravo zbog toga postoji bojazan da je stvarni broj poginulih i uhap\u0161enih znatno ve\u0107i od zvani\u010dno objavljenih podataka.<\/p>\n\n\n\n<p class=\"wp-block-paragraph\">Nemiri u Iranu dolaze u trenutku poja\u010danih politi\u010dkih i dru\u0161tvenih tenzija, dok se u javnosti sve glasnije postavljaju pitanja o pravima gra\u0111ana, slobodi izra\u017eavanja i odgovornosti vlasti. Snimci koji kru\u017ee dru\u0161tvenim mre\u017eama, a koje dr\u017eavne strukture poku\u0161avaju da uklone, dodatno podgrevaju nezadovoljstvo i izazivaju reakcije me\u0111unarodne zajednice.<\/p>\n\n\n\n<p class=\"wp-block-paragraph\">Dok vlasti insistiraju na kontroli i redu, protesti pokazuju da se duboko nezadovoljstvo u iranskom dru\u0161tvu ne smiruje, ve\u0107 poprima sve \u0161ire razmere.<\/p>\n\n\n\n<p class=\"wp-block-paragraph\" style=\"font-size:10px\">SOURCE: <a href=\"https:\/\/www.b92.net\/info\/svet\/197367\/najmanje-65-mrtvih-tokom-nemira-u-iranu-video\/vest\" target=\"_blank\" rel=\"noreferrer noopener\">B92<\/a>, PHOTO: PIXABAY<\/p>","protected":false},"excerpt":{"rendered":"<p>Iran se suo\u010dava sa jednom od najozbiljnijih unutra\u0161njih kriza u poslednjih nekoliko godina, nakon \u0161to su antire\u017eimski protesti, koji traju gotovo dve nedelje, odneli najmanje 65 \u017eivota. Prema podacima organizacije HRANA, ameri\u010dke novinske agencije aktivista za ljudska prava, vi\u0161e od 2.300 ljudi je uhap\u0161eno \u0161irom zemlje, dok vlasti poku\u0161avaju da silom suzbiju talas nezadovoljstva. Kako [&hellip;]<\/p>\n","protected":false},"author":1,"featured_media":16016,"comment_status":"","ping_status":"","sticky":false,"template":"","format":"standard","meta":{"footnotes":""},"categories":[431,369],"tags":[14257,881,14258,14259,3017,884,14260,9693,14261,803],"class_list":["post-20864","post","type-post","status-publish","format-standard","has-post-thumbnail","hentry","category-svet","category-vesti","tag-antirezimski-protesti","tag-cnn","tag-demonstracije-iran","tag-hapsenja-u-iranu","tag-hrana","tag-iran","tag-iranske-vlasti","tag-ljudska-prava","tag-nemiri-u-iranu","tag-protesti"],"_links":{"self":[{"href":"https:\/\/chicagodesavanja.us\/en\/wp-json\/wp\/v2\/posts\/20864","targetHints":{"allow":["GET"]}}],"collection":[{"href":"https:\/\/chicagodesavanja.us\/en\/wp-json\/wp\/v2\/posts"}],"about":[{"href":"https:\/\/chicagodesavanja.us\/en\/wp-json\/wp\/v2\/types\/post"}],"author":[{"embeddable":true,"href":"https:\/\/chicagodesavanja.us\/en\/wp-json\/wp\/v2\/users\/1"}],"replies":[{"embeddable":true,"href":"https:\/\/chicagodesavanja.us\/en\/wp-json\/wp\/v2\/comments?post=20864"}],"version-history":[{"count":0,"href":"https:\/\/chicagodesavanja.us\/en\/wp-json\/wp\/v2\/posts\/20864\/revisions"}],"wp:featuredmedia":[{"embeddable":true,"href":"https:\/\/chicagodesavanja.us\/en\/wp-json\/wp\/v2\/media\/16016"}],"wp:attachment":[{"href":"https:\/\/chicagodesavanja.us\/en\/wp-json\/wp\/v2\/media?parent=20864"}],"wp:term":[{"taxonomy":"category","embeddable":true,"href":"https:\/\/chicagodesavanja.us\/en\/wp-json\/wp\/v2\/categories?post=20864"},{"taxonomy":"post_tag","embeddable":true,"href":"https:\/\/chicagodesavanja.us\/en\/wp-json\/wp\/v2\/tags?post=20864"}],"curies":[{"name":"WP","href":"https:\/\/api.w.org\/{rel}","templated":true}]}}