{"id":20804,"date":"2026-01-14T02:50:00","date_gmt":"2026-01-14T02:50:00","guid":{"rendered":"https:\/\/chicagodesavanja.us\/budimpesta-udarila-na-brisel-novac-madjara-ne-ide-za-ukrajinu-biramo-razvoj-ne-rat\/"},"modified":"2026-01-14T02:50:00","modified_gmt":"2026-01-14T02:50:00","slug":"budimpesta-udarila-na-brisel-novac-madjara-ne-ide-za-ukrajinu-biramo-razvoj-ne-rat","status":"publish","type":"post","link":"https:\/\/chicagodesavanja.us\/en\/vesti\/budimpesta-udarila-na-brisel-novac-madjara-ne-ide-za-ukrajinu-biramo-razvoj-ne-rat\/","title":{"rendered":"Budimpe\u0161ta udarila na Brisel: \u201eNovac Ma\u0111ara ne ide za Ukrajinu \u2013 biramo razvoj, ne rat\u201c"},"content":{"rendered":"<p class=\"wp-block-paragraph\">Ma\u0111arska je ponovo otvoreno u\u0161la u sukob sa Briselom zbog finansiranja Ukrajine, jasno poru\u010duju\u0107i da novac ma\u0111arskih gra\u0111ana ne\u0107e biti usmeren na rat, ve\u0107 na razvoj sopstvene zemlje. <\/p>\n\n\n\n<p class=\"wp-block-paragraph\">Ministar spoljnih poslova Ma\u0111arske Peter Szijjarto izjavio je da bi tro\u0161enje sredstava na Ukrajinu direktno ugrozilo ekonomski napredak dr\u017eave, posebno u njenim isto\u010dnim regionima.<\/p>\n\n\n\n<p class=\"wp-block-paragraph\">Prema njegovim re\u010dima, Ma\u0111arska je u poslednjih nekoliko godina uspela da izjedna\u010di nivo ekonomskog razvoja izme\u0111u isto\u010dnog i zapadnog dela zemlje, uprkos sankcijama i pritiscima iz Evropske unije. \u201eDa smo novac ma\u0111arskog naroda potro\u0161ili na razvoj Ukrajine ili na finansiranje sukoba, taj napredak ne bi bio mogu\u0107\u201c, naglasio je Szijjarto, dodaju\u0107i da Budimpe\u0161ta svesno nije sledila strategiju Brisela niti militarizovala sopstvenu ekonomiju.<\/p>\n\n\n\n<p class=\"wp-block-paragraph\">O\u0161tru poruku Briselu ranije je poslao i premijer Viktor Orban, koji je upozorio da Evropska unija planira da u narednoj deceniji izdvoji ogromna sredstva za Ukrajinu. Prema njegovoj proceni, tim novcem mogle bi da se ispla\u0107uju ma\u0111arske penzije narednih 40 godina ili porodi\u010dna davanja \u010dak 60 godina. Orban smatra da takvi zahtevi ugro\u017eavaju suverenitet i socijalnu sigurnost dr\u017eava \u010dlanica.<\/p>\n\n\n\n<p class=\"wp-block-paragraph\">Ma\u0111arska vlada isti\u010de da njen prioritet ostaje ekonomska stabilnost, ulaganje u infrastrukturu, radna mesta i regionalni razvoj, a ne finansiranje rata van njenih granica. Ovakav stav dodatno produbljuje jaz izme\u0111u Budimpe\u0161te i Brisela, ali Orban i Szijjarto poru\u010duju da \u0107e Ma\u0111arska nastaviti da vodi politiku zasnovanu na nacionalnim interesima, \u010dak i po cenu politi\u010dkih sukoba unutar EU.<\/p>\n\n\n\n<p class=\"wp-block-paragraph\" style=\"font-size:10px\">SOURCE: <a href=\"https:\/\/www.b92.net\/info\/svet\/198270\/madjarska-udarila-po-briselu-nas-novac-nije-za-ukrajinu\/vest\" target=\"_blank\" rel=\"noreferrer noopener\">B92<\/a>, PHOTO: PIXABAY<\/p>","protected":false},"excerpt":{"rendered":"<p>Ma\u0111arska je ponovo otvoreno u\u0161la u sukob sa Briselom zbog finansiranja Ukrajine, jasno poru\u010duju\u0107i da novac ma\u0111arskih gra\u0111ana ne\u0107e biti usmeren na rat, ve\u0107 na razvoj sopstvene zemlje. Ministar spoljnih poslova Ma\u0111arske Peter Szijjarto izjavio je da bi tro\u0161enje sredstava na Ukrajinu direktno ugrozilo ekonomski napredak dr\u017eave, posebno u njenim isto\u010dnim regionima. Prema njegovim re\u010dima, [&hellip;]<\/p>\n","protected":false},"author":1,"featured_media":17250,"comment_status":"","ping_status":"","sticky":false,"template":"","format":"standard","meta":{"wpai_generated_summary":"","footnotes":""},"categories":[431,369],"tags":[1218,13986,434,1742,1221,13987,5635,1485,13988,1641,1037,1226],"class_list":["post-20804","post","type-post","status-publish","format-standard","has-post-thumbnail","hentry","category-svet","category-vesti","tag-brisel","tag-budimpesta-politika","tag-evropska-unija","tag-finansiranje","tag-madarska","tag-madjarski-novac","tag-peter-szijjarto","tag-rat-u-ukrajini","tag-razvoj-madjarske","tag-sankcije-eu","tag-ukrajina","tag-viktor-orban"],"_links":{"self":[{"href":"https:\/\/chicagodesavanja.us\/en\/wp-json\/wp\/v2\/posts\/20804","targetHints":{"allow":["GET"]}}],"collection":[{"href":"https:\/\/chicagodesavanja.us\/en\/wp-json\/wp\/v2\/posts"}],"about":[{"href":"https:\/\/chicagodesavanja.us\/en\/wp-json\/wp\/v2\/types\/post"}],"author":[{"embeddable":true,"href":"https:\/\/chicagodesavanja.us\/en\/wp-json\/wp\/v2\/users\/1"}],"replies":[{"embeddable":true,"href":"https:\/\/chicagodesavanja.us\/en\/wp-json\/wp\/v2\/comments?post=20804"}],"version-history":[{"count":0,"href":"https:\/\/chicagodesavanja.us\/en\/wp-json\/wp\/v2\/posts\/20804\/revisions"}],"wp:featuredmedia":[{"embeddable":true,"href":"https:\/\/chicagodesavanja.us\/en\/wp-json\/wp\/v2\/media\/17250"}],"wp:attachment":[{"href":"https:\/\/chicagodesavanja.us\/en\/wp-json\/wp\/v2\/media?parent=20804"}],"wp:term":[{"taxonomy":"category","embeddable":true,"href":"https:\/\/chicagodesavanja.us\/en\/wp-json\/wp\/v2\/categories?post=20804"},{"taxonomy":"post_tag","embeddable":true,"href":"https:\/\/chicagodesavanja.us\/en\/wp-json\/wp\/v2\/tags?post=20804"}],"curies":[{"name":"WP","href":"https:\/\/api.w.org\/{rel}","templated":true}]}}