{"id":20778,"date":"2026-01-15T03:08:00","date_gmt":"2026-01-15T03:08:00","guid":{"rendered":"https:\/\/chicagodesavanja.us\/zeljko-samardzic-i-dusko-lokin-objavili-maestralan-duet-video\/"},"modified":"2026-01-15T03:08:00","modified_gmt":"2026-01-15T03:08:00","slug":"zeljko-samardzic-i-dusko-lokin-objavili-maestralan-duet-video","status":"publish","type":"post","link":"https:\/\/chicagodesavanja.us\/en\/vesti\/zeljko-samardzic-i-dusko-lokin-objavili-maestralan-duet-video\/","title":{"rendered":"\u017deljko Samard\u017ei\u0107 i Du\u0161ko Lokin objavili maestralan duet (VIDEO)"},"content":{"rendered":"<p class=\"wp-block-paragraph\">\u017deljko Samard\u017ei\u0107 objavio je novu pesmu i to ni manje ni vi\u0161e nego duet, sa svojim dragim prijateljem i kolegom\u00a0Du\u0161kom Lokinom, \u010duvenim hrvatskim pop peva\u010dem.<\/p>\n\n\n\n<figure class=\"wp-block-embed is-type-video is-provider-youtube wp-block-embed-youtube wp-embed-aspect-16-9 wp-has-aspect-ratio\"><div class=\"wp-block-embed__wrapper\">\n<iframe loading=\"lazy\" title=\"Du\u0161ko Lokin &amp; \u017deljko Samard\u017ei\u0107 - Maestral (Official video)\" width=\"500\" height=\"281\" src=\"https:\/\/www.youtube.com\/embed\/Fq4O6JzU3Fw?feature=oembed\" frameborder=\"0\" allow=\"accelerometer; autoplay; clipboard-write; encrypted-media; gyroscope; picture-in-picture; web-share\" referrerpolicy=\"strict-origin-when-cross-origin\" allowfullscreen><\/iframe>\n<\/div><\/figure>\n\n\n\n<p class=\"wp-block-paragraph\">Kako su nedavno najavili za Grand, posle mnogo godina do\u0161lo je do njihovog ponovnog susreta kao i ideje da snime ne\u0161to \u0161to \u0107e ostati kao ve\u010dna uspomena.<\/p>\n\n\n\n<p class=\"wp-block-paragraph\">Numera pod nazivom ,,Maestral\u201c kona\u010dno je ugledala svetlost dana, a na njoj su radili Bla\u017e Andra\u010di\u0107 i Mario Ragu\u017e, a kako joj i samo ime ka\u017ee, zvu\u010di maestralno.<\/p>\n\n\n\n<p class=\"wp-block-paragraph\">Publika je na ovu prelepu baladu odreagovala odmah i to re\u010dima da ve\u0107 dugo nije vi\u0111en ovakav kvalitet u muzi\u010dkoj industriji, kao i da pesma ima poseban, festivalski zvuk.<\/p>\n\n\n\n<p class=\"wp-block-paragraph\">Spot za numeru sniman je u Zadru, odakle j Du\u0161ko, a gde je i \u017deljko proveo svoje detinjstvo kojeg se se\u0107a po najlep\u0161im trenucima.<\/p>\n\n\n\n<p class=\"wp-block-paragraph\">\u2013Ovo je za mene poseban grad, i drago mi je \u0161to se sve de\u0161ava u njemu vezano za ovu pesmu\u2013 rekao je \u017deljko za Grand.<\/p>\n\n\n\n<p class=\"wp-block-paragraph\"><\/p>\n\n\n\n<p class=\"wp-block-paragraph\" style=\"font-size:10px\">SOURCE: <a href=\"https:\/\/grand.nova.rs\/showbiz\/zeljko-samardzic-duet-sa-duskom-lokinom\/\" target=\"_blank\" rel=\"noopener\">GRAND<\/a> I FOTO: RPINTSCREEN<\/p>","protected":false},"excerpt":{"rendered":"<p>\u017deljko Samard\u017ei\u0107 objavio je novu pesmu i to ni manje ni vi\u0161e nego duet, sa svojim dragim prijateljem i kolegom\u00a0Du\u0161kom Lokinom, \u010duvenim hrvatskim pop peva\u010dem. Kako su nedavno najavili za Grand, posle mnogo godina do\u0161lo je do njihovog ponovnog susreta kao i ideje da snime ne\u0161to \u0161to \u0107e ostati kao ve\u010dna uspomena. Numera pod nazivom [&hellip;]<\/p>\n","protected":false},"author":4,"featured_media":14449,"comment_status":"","ping_status":"","sticky":false,"template":"","format":"standard","meta":{"footnotes":""},"categories":[619,620],"tags":[13887,622,623,1752,624,625,626,2340],"class_list":["post-20778","post","type-post","status-publish","format-standard","has-post-thumbnail","hentry","category-muzika-zabava","category-zabava","tag-dusko-lokin","tag-estrada","tag-muzika","tag-nova-pesma","tag-poznati","tag-srpska-estrada","tag-zabava","tag-zeljko-samardzic"],"_links":{"self":[{"href":"https:\/\/chicagodesavanja.us\/en\/wp-json\/wp\/v2\/posts\/20778","targetHints":{"allow":["GET"]}}],"collection":[{"href":"https:\/\/chicagodesavanja.us\/en\/wp-json\/wp\/v2\/posts"}],"about":[{"href":"https:\/\/chicagodesavanja.us\/en\/wp-json\/wp\/v2\/types\/post"}],"author":[{"embeddable":true,"href":"https:\/\/chicagodesavanja.us\/en\/wp-json\/wp\/v2\/users\/4"}],"replies":[{"embeddable":true,"href":"https:\/\/chicagodesavanja.us\/en\/wp-json\/wp\/v2\/comments?post=20778"}],"version-history":[{"count":0,"href":"https:\/\/chicagodesavanja.us\/en\/wp-json\/wp\/v2\/posts\/20778\/revisions"}],"wp:featuredmedia":[{"embeddable":true,"href":"https:\/\/chicagodesavanja.us\/en\/wp-json\/wp\/v2\/media\/14449"}],"wp:attachment":[{"href":"https:\/\/chicagodesavanja.us\/en\/wp-json\/wp\/v2\/media?parent=20778"}],"wp:term":[{"taxonomy":"category","embeddable":true,"href":"https:\/\/chicagodesavanja.us\/en\/wp-json\/wp\/v2\/categories?post=20778"},{"taxonomy":"post_tag","embeddable":true,"href":"https:\/\/chicagodesavanja.us\/en\/wp-json\/wp\/v2\/tags?post=20778"}],"curies":[{"name":"WP","href":"https:\/\/api.w.org\/{rel}","templated":true}]}}