{"id":20709,"date":"2026-01-18T04:15:00","date_gmt":"2026-01-18T04:15:00","guid":{"rendered":"https:\/\/chicagodesavanja.us\/strah-kanadjana-od-moguce-invazije-amerike\/"},"modified":"2026-01-18T04:15:00","modified_gmt":"2026-01-18T04:15:00","slug":"strah-kanadjana-od-moguce-invazije-amerike","status":"publish","type":"post","link":"https:\/\/chicagodesavanja.us\/en\/vesti\/strah-kanadjana-od-moguce-invazije-amerike\/","title":{"rendered":"Skoro tre\u0107ina Kana\u0111ana strahuje od mogu\u0107e ameri\u010dke invazije: Novo istra\u017eivanje otkriva rastu\u0107e nepoverenje prema SAD"},"content":{"rendered":"<p class=\"wp-block-paragraph\">Skoro <strong>jedan od tri Kana\u0111ana<\/strong> veruje da bi Sjedinjene Ameri\u010dke Dr\u017eave mogle poku\u0161ati vojnu invaziju na Kanadu, pokazuje novo istra\u017eivanje javnog mnjenja koje svedo\u010di o ozbiljnom pogor\u0161anju odnosa izme\u0111u dve zemlje.<\/p>\n\n\n\n<p class=\"wp-block-paragraph\">Anketu je sprovela kompanija <strong>Leger<\/strong> u periodu od 9. do 11. januara 2026. godine, na uzorku od <strong>1.540 Kana\u0111ana<\/strong> i <strong>1.011 Amerikanaca<\/strong>. Prema rezultatima, <strong>31 odsto Kana\u0111ana<\/strong> izrazilo je strah da bi SAD mogle vojno da interveni\u0161u u njihovoj zemlji. Istovremeno, \u010dak <strong>jedan od pet Amerikanaca<\/strong> smatra da je takav scenario mogu\u0107.<\/p>\n\n\n\n<p class=\"wp-block-paragraph\">Strahovi su dodatno poja\u010dani nakon nedavne vojne operacije predsednika <strong>Donald Trump<\/strong> u Venecueli, tokom koje je uhap\u0161en predsednik <strong>Nicolas Maduro<\/strong>. Taj potez, zajedno sa ranijim pretnjama upu\u0107enim <strong>Greenlandu<\/strong>, u\u010dvrstio je uverenje da bi ameri\u010dka administracija mogla agresivnije da se me\u0161a u unutra\u0161nje poslove drugih dr\u017eava.<\/p>\n\n\n\n<p class=\"wp-block-paragraph\">Istra\u017eivanje pokazuje da <strong>55 odsto Kana\u0111ana<\/strong> veruje da je Greenland slede\u0107a meta SAD, dok <strong>51 odsto<\/strong> o\u010dekuje ameri\u010dku intervenciju na <strong>Cubi<\/strong>, a <strong>47 odsto<\/strong> u <strong>Panami<\/strong>. Vi\u0161e od polovine ispitanika u Kanadi (53 odsto) smatra da bi svaka ameri\u010dka intervencija predstavljala ozbiljno kr\u0161enje nacionalnog suvereniteta.<\/p>\n\n\n\n<p class=\"wp-block-paragraph\"><strong>Andrew Enns<\/strong>, izvr\u0161ni potpredsednik za Centralnu Kanadu u kompaniji Leger, izjavio je za <strong>The Canadian Press<\/strong> da mi\u0161ljenje Kana\u0111ana o ameri\u010dkoj vladi \u201enije bilo naro\u010dito pozitivno ni ranije\u201c, ali da je sada \u201epotrebno vrlo malo\u201c da se dodatno pogor\u0161a. On dodaje da ovakvi rezultati politi\u010dki odgovaraju aktuelnom premijeru <strong>Mark Carney<\/strong>, koji je na vlast do\u0161ao na talasu anti-Trump raspolo\u017eenja.<\/p>\n\n\n\n<p class=\"wp-block-paragraph\">Podse\u0107anja radi, <strong>Mark Carney<\/strong> je izabran nakon \u0161to je <strong>Donald Trump<\/strong> vi\u0161e puta javno govorio o mogu\u0107nosti da Kanada postane \u201e51. ameri\u010dka savezna dr\u017eava\u201c, a biv\u0161eg premijera <strong>Justin Trudeau<\/strong> nazivao \u201eGovernor Trudeau\u201c.<\/p>\n\n\n\n<p class=\"wp-block-paragraph\">Kako tenzije rastu, Kanada sve vi\u0161e tra\u017ei alternativne trgovinske partnere. Tokom nedavne posete Pekingu, <strong>Mark Carney<\/strong> je razgovarao sa kineskim predsednikom <strong>Xi Jinping<\/strong> o ja\u010danju ekonomskih veza, oceniv\u0161i da bi novo partnerstvo moglo doneti \u201eistorijske dobitke\u201c za obe zemlje.<\/p>\n\n\n\n<p class=\"wp-block-paragraph\" style=\"font-size:10px\">SOURCE: <a href=\"https:\/\/www.independent.co.uk\/news\/world\/americas\/us-politics\/canada-united-states-invasion-trump-carney-greenland-b2901739.html\" target=\"_blank\" rel=\"noopener\">INDEPENDENT<\/a> PHOTO: PEXELS<\/p>","protected":false},"excerpt":{"rendered":"<p>Skoro jedan od tri Kana\u0111ana veruje da bi Sjedinjene Ameri\u010dke Dr\u017eave mogle poku\u0161ati vojnu invaziju na Kanadu, pokazuje novo istra\u017eivanje javnog mnjenja koje svedo\u010di o ozbiljnom pogor\u0161anju odnosa izme\u0111u dve zemlje. Anketu je sprovela kompanija Leger u periodu od 9. do 11. januara 2026. godine, na uzorku od 1.540 Kana\u0111ana i 1.011 Amerikanaca. Prema rezultatima, [&hellip;]<\/p>\n","protected":false},"author":3,"featured_media":14384,"comment_status":"","ping_status":"","sticky":false,"template":"","format":"standard","meta":{"footnotes":""},"categories":[431,369],"tags":[538,13569,13570,3253,13571,13572,13573,13574,13575,13576],"class_list":["post-20709","post","type-post","status-publish","format-standard","has-post-thumbnail","hentry","category-svet","category-vesti","tag-amerika","tag-anketa-leger-kanada","tag-donald-trump-kanada","tag-kanada","tag-kanada-kina-saradnja","tag-kanada-sad-odnosi","tag-kanada-sad-tenzije","tag-mark-carney-politika","tag-strah-od-americke-invazije","tag-trump-vojna-intervencija"],"_links":{"self":[{"href":"https:\/\/chicagodesavanja.us\/en\/wp-json\/wp\/v2\/posts\/20709","targetHints":{"allow":["GET"]}}],"collection":[{"href":"https:\/\/chicagodesavanja.us\/en\/wp-json\/wp\/v2\/posts"}],"about":[{"href":"https:\/\/chicagodesavanja.us\/en\/wp-json\/wp\/v2\/types\/post"}],"author":[{"embeddable":true,"href":"https:\/\/chicagodesavanja.us\/en\/wp-json\/wp\/v2\/users\/3"}],"replies":[{"embeddable":true,"href":"https:\/\/chicagodesavanja.us\/en\/wp-json\/wp\/v2\/comments?post=20709"}],"version-history":[{"count":0,"href":"https:\/\/chicagodesavanja.us\/en\/wp-json\/wp\/v2\/posts\/20709\/revisions"}],"wp:featuredmedia":[{"embeddable":true,"href":"https:\/\/chicagodesavanja.us\/en\/wp-json\/wp\/v2\/media\/14384"}],"wp:attachment":[{"href":"https:\/\/chicagodesavanja.us\/en\/wp-json\/wp\/v2\/media?parent=20709"}],"wp:term":[{"taxonomy":"category","embeddable":true,"href":"https:\/\/chicagodesavanja.us\/en\/wp-json\/wp\/v2\/categories?post=20709"},{"taxonomy":"post_tag","embeddable":true,"href":"https:\/\/chicagodesavanja.us\/en\/wp-json\/wp\/v2\/tags?post=20709"}],"curies":[{"name":"WP","href":"https:\/\/api.w.org\/{rel}","templated":true}]}}