{"id":20591,"date":"2026-01-24T03:11:00","date_gmt":"2026-01-24T03:11:00","guid":{"rendered":"https:\/\/chicagodesavanja.us\/ciklon-hari-opustosio-jug-italije-sicilija-na-kolenima-steta-veca-od-pola-milijarde-evra\/"},"modified":"2026-01-24T03:11:00","modified_gmt":"2026-01-24T03:11:00","slug":"ciklon-hari-opustosio-jug-italije-sicilija-na-kolenima-steta-veca-od-pola-milijarde-evra","status":"publish","type":"post","link":"https:\/\/chicagodesavanja.us\/en\/vesti\/ciklon-hari-opustosio-jug-italije-sicilija-na-kolenima-steta-veca-od-pola-milijarde-evra\/","title":{"rendered":"Ciklon &#8222;Hari&#8220; opusto\u0161io jug Italije: Sicilija na kolenima, \u0161teta ve\u0107a od pola milijarde evra"},"content":{"rendered":"<p class=\"wp-block-paragraph\">Ciklon &#8222;Hari&#8220; izazvao je ozbiljne posledice na jugu Italije, posebno na Siciliji, dok su sna\u017eno pogo\u0111ene Kalabrija i Sardinija. Posle zavr\u0161etka najintenzivnije faze nevremena, lokalne i dr\u017eavne vlasti zapo\u010dele su procenu \u0161tete, koja se u Siciliji ve\u0107 procenjuje na vi\u0161e od 500 miliona evra.<\/p>\n\n\n\n<p class=\"wp-block-paragraph\">Premijerka Italije \u0110or\u0111a Meloni saop\u0161tila je da Vlada pa\u017eljivo prati razvoj situacije i da je u stalnom kontaktu sa ministrom za civilnu za\u0161titu Nelom Musume\u0107ijem i \u0161efom Odeljenja civilne za\u0161tite Fabijom \u010ci\u0107ilijanom.<\/p>\n\n\n\n<p class=\"wp-block-paragraph\">U saop\u0161tenju se navodi da \u0107e dr\u017eava pru\u017eiti podr\u0161ku pogo\u0111enim podru\u010djima i da se gra\u0111anima preporu\u010duje da se pridr\u017eavaju uputstava nadle\u017enih slu\u017ebi. Najavljeno je i da \u0107e predstavnici Vlade u narednim danima obi\u0107i ugro\u017eene oblasti.<\/p>\n\n\n\n<p class=\"wp-block-paragraph\">Najve\u0107e posledice zabele\u017eene su du\u017e jonske obale Sicilije. U oblasti Mesine o\u0161te\u0107eni su priobalni putevi, luke i turisti\u010dki objekti. U Milacu je te\u0161ko o\u0161te\u0107ena turisti\u010dka luka, dok je u \u0110ardini Naksosu sru\u0161en deo mola Skizo. U Kataniji su najpogo\u0111enije obale Plaje i Onjine, kao i ribarsko naselje San \u0110ovani Li Kuti, gde je more izbacilo velike koli\u010dine peska i otpada.<\/p>\n\n\n\n<p class=\"wp-block-paragraph\">Zbog izlivanja buji\u010dnih tokova u pojedinim delovima grada do\u0161lo je do poplava, a vi\u0161e desetina porodica evakuisano je iz svojih domova. U Mazari del Valo, na zapadu Sicilije, talasi su uni\u0161tili nekoliko obalskih objekata, dok su glavne ulice ostale prekrivene otpadom.<\/p>\n\n\n\n<p class=\"wp-block-paragraph\">Predsednik Regionalne vlade Sicilije Renato Skifani izjavio je da su o\u0161te\u0107eni stambeni objekti, obalski putevi, turisti\u010dki kapaciteti i lu\u010dka infrastruktura. Prema prvim procenama, ukupna \u0161teta prema\u0161uje 500 miliona evra. Regionalne vlasti zatra\u017eile su progla\u0161enje vanrednog stanja na nacionalnom nivou.<\/p>\n\n\n\n<p class=\"wp-block-paragraph\">U Kalabriji je, u mestu Melito Porto Salvo, more sru\u0161ilo oko 100 metara obalskog \u0161etali\u0161ta.<\/p>\n\n\n\n<p class=\"wp-block-paragraph\">Predsednik regiona Roberto Okjuto najavio je da \u0107e i Kalabrija zatra\u017eiti progla\u0161enje vanrednog stanja, isti\u010du\u0107i da nema stradalih.<\/p>\n\n\n\n<p class=\"wp-block-paragraph\">Sli\u010dan zahtev najavljen je i iz Sardinije, gde regionalne vlasti navode da je hitna pomo\u0107 dr\u017eave neophodna kako bi se ubrzalo obezbe\u0111ivanje sredstava za sanaciju posledica nevremena.<\/p>\n\n\n\n<p class=\"wp-block-paragraph\">Na vi\u0161e \u017eelezni\u010dkih pravaca na Siciliji saobra\u0107aj je obustavljen, uklju\u010duju\u0107i linije Mesina\u2013Sirakuza i Katanija\u2013Palermo.<\/p>\n\n\n\n<p class=\"wp-block-paragraph\">Te\u0161ko su o\u0161te\u0107eni i delovi pruge izme\u0111u Mesine i Taormine, a prema procenama lokalnih vlasti, potpuna obnova mogla bi da traje vi\u0161e meseci.<\/p>\n\n\n\n<p class=\"wp-block-paragraph\">Ekipe elektrodistribucije i vodovoda rade na sanaciji kvarova i obezbe\u0111ivanju osnovnih usluga u pogo\u0111enim podru\u010djima.<\/p>\n\n\n\n<p class=\"wp-block-paragraph\">Stru\u010dnjaci navode da ciklon &#8222;Hari&#8220; ne spada u kategoriju mediteranskih uragana, ve\u0107 predstavlja sna\u017ean ciklonski sistem nastao pod uticajem atlantske sni\u017eene zone pritiska i toplih vazdu\u0161nih masa sa severa Afrike.<\/p>\n\n\n\n<p class=\"wp-block-paragraph\">Vetar je dostizao brzinu ve\u0107u od 120 kilometara na \u010das, dok su talasi na pojedinim mestima bili vi\u0161i od devet metara.<\/p>\n\n\n\n<p class=\"wp-block-paragraph\">Meteorolozi upozoravaju da \u0107e Italiju zahvatiti novi period nestabilnog vremena, sa obilnim padavinama, posebno u centralnim i severnim delovima zemlje.<\/p>\n\n\n\n<p class=\"wp-block-paragraph\"><\/p>\n\n\n\n<p class=\"wp-block-paragraph\" style=\"font-size:10px\">SOURCE: <a href=\"https:\/\/rts.rs\/lat\/vesti\/svet\/5871653\/sicilija-italija-sardinija-nevreme-ciklon-padavine-talasi.html\" target=\"_blank\" rel=\"noopener\">RTS<\/a> PHOTO: SCREENSHOT<\/p>","protected":false},"excerpt":{"rendered":"<p>Ciklon &#8222;Hari&#8220; izazvao je ozbiljne posledice na jugu Italije, posebno na Siciliji, dok su sna\u017eno pogo\u0111ene Kalabrija i Sardinija. Posle zavr\u0161etka najintenzivnije faze nevremena, lokalne i dr\u017eavne vlasti zapo\u010dele su procenu \u0161tete, koja se u Siciliji ve\u0107 procenjuje na vi\u0161e od 500 miliona evra. Premijerka Italije \u0110or\u0111a Meloni saop\u0161tila je da Vlada pa\u017eljivo prati razvoj [&hellip;]<\/p>\n","protected":false},"author":4,"featured_media":14265,"comment_status":"","ping_status":"","sticky":false,"template":"","format":"standard","meta":{"wpai_generated_summary":"","footnotes":""},"categories":[431,369],"tags":[13065,532],"class_list":["post-20591","post","type-post","status-publish","format-standard","has-post-thumbnail","hentry","category-svet","category-vesti","tag-ciklon-hari","tag-italija"],"_links":{"self":[{"href":"https:\/\/chicagodesavanja.us\/en\/wp-json\/wp\/v2\/posts\/20591","targetHints":{"allow":["GET"]}}],"collection":[{"href":"https:\/\/chicagodesavanja.us\/en\/wp-json\/wp\/v2\/posts"}],"about":[{"href":"https:\/\/chicagodesavanja.us\/en\/wp-json\/wp\/v2\/types\/post"}],"author":[{"embeddable":true,"href":"https:\/\/chicagodesavanja.us\/en\/wp-json\/wp\/v2\/users\/4"}],"replies":[{"embeddable":true,"href":"https:\/\/chicagodesavanja.us\/en\/wp-json\/wp\/v2\/comments?post=20591"}],"version-history":[{"count":0,"href":"https:\/\/chicagodesavanja.us\/en\/wp-json\/wp\/v2\/posts\/20591\/revisions"}],"wp:featuredmedia":[{"embeddable":true,"href":"https:\/\/chicagodesavanja.us\/en\/wp-json\/wp\/v2\/media\/14265"}],"wp:attachment":[{"href":"https:\/\/chicagodesavanja.us\/en\/wp-json\/wp\/v2\/media?parent=20591"}],"wp:term":[{"taxonomy":"category","embeddable":true,"href":"https:\/\/chicagodesavanja.us\/en\/wp-json\/wp\/v2\/categories?post=20591"},{"taxonomy":"post_tag","embeddable":true,"href":"https:\/\/chicagodesavanja.us\/en\/wp-json\/wp\/v2\/tags?post=20591"}],"curies":[{"name":"WP","href":"https:\/\/api.w.org\/{rel}","templated":true}]}}