{"id":20486,"date":"2026-01-29T03:18:00","date_gmt":"2026-01-29T03:18:00","guid":{"rendered":"https:\/\/chicagodesavanja.us\/andreana-cekic-i-dejan-kostic-ukrstili-glasove-u-pesmi-zbog-koje-se-zanemi-video\/"},"modified":"2026-01-29T03:18:00","modified_gmt":"2026-01-29T03:18:00","slug":"andreana-cekic-i-dejan-kostic-ukrstili-glasove-u-pesmi-zbog-koje-se-zanemi-video","status":"publish","type":"post","link":"https:\/\/chicagodesavanja.us\/en\/vesti\/andreana-cekic-i-dejan-kostic-ukrstili-glasove-u-pesmi-zbog-koje-se-zanemi-video\/","title":{"rendered":"Andreana \u010ceki\u0107 i Dejan Kosti\u0107 ukrstili glasove u pesmi zbog koje se zanemi (VIDEO)"},"content":{"rendered":"<p class=\"wp-block-paragraph\">Ne de\u0161ava se \u010desto da glasove ukrste dva vrhunska vokala i umetnika, ljudi koji besprekorno pevaju i kojima niko, ma koliko sitni\u010dav bio, u pevanju ne mo\u017ee na\u0107i manu.<\/p>\n\n\n\n<figure class=\"wp-block-embed is-type-video is-provider-youtube wp-block-embed-youtube wp-embed-aspect-16-9 wp-has-aspect-ratio\"><div class=\"wp-block-embed__wrapper\">\n<iframe loading=\"lazy\" title=\"ANDREANA CEKIC X DEJAN KOSTIC - E75 (OFFICIAL VIDEO)\" width=\"500\" height=\"281\" src=\"https:\/\/www.youtube.com\/embed\/USz_xxX9sHk?feature=oembed\" frameborder=\"0\" allow=\"accelerometer; autoplay; clipboard-write; encrypted-media; gyroscope; picture-in-picture; web-share\" referrerpolicy=\"strict-origin-when-cross-origin\" allowfullscreen><\/iframe>\n<\/div><\/figure>\n\n\n\n<p class=\"wp-block-paragraph\">Upravo to se desilo sada, po\u0161to su dva od nekolicine najboljih vokala na prostorima Balkana, Andreana \u010ceki\u0107 i Dejan Kosti\u0107, ukrstila glasove i publici predstavila pesmu mo\u0107nog, simboli\u010dnog naziva &#8222;E75&#8220;.<\/p>\n\n\n\n<p class=\"wp-block-paragraph\">Peva\u010dica i \u010dovek koji stoji iza nekih od najve\u0107ih doma\u0107ih hitova u protekloj deceniji su u pesmi &#8222;E75&#8220; doneli emociju koju \u0107e svako ponaosob do\u017eiveti na svoj na\u010din, u zavisnosti od toga koliko u sebi nosi sru\u0161enih snova, slomljenih srca, uga\u0161enih nada, izgubljenih ljubavi, ali i toga \u0161ta mu je doneo Beograd u kojem se najlep\u0161e voli, ali ume najvi\u0161e i da zaboli.<\/p>\n\n\n\n<p class=\"wp-block-paragraph\">U maestralno ura\u0111enom spotu pod palicom najboljeg u svom poslu, reditelja i direktora &#8220;Visual Infinity&#8220;produkcije, Aleksandra Kereke\u0161a Kekija, savr\u0161eno je do\u010darano sve \u0161to je trebalo da se do\u010dara, toliko da bi neki rekli da pesma i spot dugo nisu tako dobro pratili jedno drugo.<\/p>\n\n\n\n<p class=\"wp-block-paragraph\">Koliko su ponosni na saradnju i ono \u0161to su doneli publici, Andreana i Dejan priznali su u svojim izjavama.<\/p>\n\n\n\n<p class=\"wp-block-paragraph\">-&#8222;E75&#8220; je pesma koja obuhvata jako \u0161irok pojam&#8230; S obzirom na to da je Beograd grad sa kona\u010dnim re\u0161enjima za svaki posao, \u017eivot, ljubav, mnogo nas je do\u0161lo u taj grad da negde poku\u0161a da prona\u0111e sebe&#8230; Pa tako i ja. Saradnja s Andreanom \u010ceki\u0107 na ovom projektu je meni posebno draga, jer smo i prijatelji i saradnici. Ona je osoba koju cenim prvenstveno kao \u010doveka, a onda i kao muzi\u010dara i izvo\u0111a\u010da. Rekao sam muzi\u010dara, zato \u0161to je jako kreativna i jedva \u010dekam da u budu\u0107nosti iza\u0111e i neka pesma na kojoj je i ona u\u010destvovala kao autor, jer i te kako ima talenta i smisla za to, a nije htela to da potencira. Nas dvoje &#8222;slu\u0161amo muziku istim u\u0161ima&#8220;. Andreana jedan od najboljih vokala na ovim prostorima i to je jo\u0161 jedan u nizu razloga za\u0161to mi je ovaj duet posebno drag. Mi smo uradili sve \u0161to je do nas, sada je sve na publici. Nadam se da \u0107e ljudi prepoznati iskrenost i emociju koju smo zajdeno uneli u ovaj projekat &#8211; istakao je Dejan Kosti\u0107.<\/p>\n\n\n\n<p class=\"wp-block-paragraph\">-Pesma &#8222;E75&#8220; je za mene pri\u010da o putu koji svi poznajemo &#8211; o odlascima, velikim snovima i Beogradu, ali i o onim ljubavima po koje smo krenuli puni nade, a vratili se bez njih. Ba\u0161 ta emocija nam je bila va\u017ena da se oseti u pesmi. Duet sa Dejanom Kosti\u0107em mi je posebno drag jer je nastao iz na\u0161eg prijateljstva i godina zajedni\u010dkog rada. Dejan je pre svega izuzetno inteligentan \u010dovek, iskren prijatelj i emotivna osoba, koja je uvek verovala u mene, i to nikad ne zaboravljam. Kao autor je izuzetan, kreativan, \u0161irok i dubok \u2013 ima talenat da napi\u0161e ono \u0161to mnogi \u017eive, a ne umeju da ka\u017eu. Ponosna sam na &#8222;E75&#8220; i na na\u0161u saradnju generalno. Ovo je pesma koja nosi i snagu i setu, jer nekad se na put vrati\u0161 bogatiji za iskustvo, ali bez onog po \u0161ta si krenuo &#8211; istakla je Andreana \u010ceki\u0107.<\/p>\n\n\n\n<p class=\"wp-block-paragraph\"><\/p>\n\n\n\n<p class=\"wp-block-paragraph\" style=\"font-size:10px\">SOURCE: <a href=\"https:\/\/nova.rs\/zabava\/showbiz\/andreana-eki-i-dejan-kosti-objavili-duet-e75\/\" target=\"_blank\" rel=\"noopener\">NOVA<\/a> PHOTO: SCREENSHOT<\/p>","protected":false},"excerpt":{"rendered":"<p>Ne de\u0161ava se \u010desto da glasove ukrste dva vrhunska vokala i umetnika, ljudi koji besprekorno pevaju i kojima niko, ma koliko sitni\u010dav bio, u pevanju ne mo\u017ee na\u0107i manu. Upravo to se desilo sada, po\u0161to su dva od nekolicine najboljih vokala na prostorima Balkana, Andreana \u010ceki\u0107 i Dejan Kosti\u0107, ukrstila glasove i publici predstavila pesmu [&hellip;]<\/p>\n","protected":false},"author":4,"featured_media":14205,"comment_status":"","ping_status":"","sticky":false,"template":"","format":"standard","meta":{"footnotes":""},"categories":[619,620],"tags":[10518,2467,1309,622,623,1752,624,625,626],"class_list":["post-20486","post","type-post","status-publish","format-standard","has-post-thumbnail","hentry","category-muzika-zabava","category-zabava","tag-andreana-cekic-2","tag-dejan-kostic-2","tag-domaca-estrada","tag-estrada","tag-muzika","tag-nova-pesma","tag-poznati","tag-srpska-estrada","tag-zabava"],"_links":{"self":[{"href":"https:\/\/chicagodesavanja.us\/en\/wp-json\/wp\/v2\/posts\/20486","targetHints":{"allow":["GET"]}}],"collection":[{"href":"https:\/\/chicagodesavanja.us\/en\/wp-json\/wp\/v2\/posts"}],"about":[{"href":"https:\/\/chicagodesavanja.us\/en\/wp-json\/wp\/v2\/types\/post"}],"author":[{"embeddable":true,"href":"https:\/\/chicagodesavanja.us\/en\/wp-json\/wp\/v2\/users\/4"}],"replies":[{"embeddable":true,"href":"https:\/\/chicagodesavanja.us\/en\/wp-json\/wp\/v2\/comments?post=20486"}],"version-history":[{"count":0,"href":"https:\/\/chicagodesavanja.us\/en\/wp-json\/wp\/v2\/posts\/20486\/revisions"}],"wp:featuredmedia":[{"embeddable":true,"href":"https:\/\/chicagodesavanja.us\/en\/wp-json\/wp\/v2\/media\/14205"}],"wp:attachment":[{"href":"https:\/\/chicagodesavanja.us\/en\/wp-json\/wp\/v2\/media?parent=20486"}],"wp:term":[{"taxonomy":"category","embeddable":true,"href":"https:\/\/chicagodesavanja.us\/en\/wp-json\/wp\/v2\/categories?post=20486"},{"taxonomy":"post_tag","embeddable":true,"href":"https:\/\/chicagodesavanja.us\/en\/wp-json\/wp\/v2\/tags?post=20486"}],"curies":[{"name":"WP","href":"https:\/\/api.w.org\/{rel}","templated":true}]}}