{"id":20374,"date":"2026-02-04T03:08:00","date_gmt":"2026-02-04T03:08:00","guid":{"rendered":"https:\/\/chicagodesavanja.us\/nikada-ne-bih-dozvolio-da-mina-dodje-u-ameriku-pevacica-ispratila-kaspera\/"},"modified":"2026-02-04T03:08:00","modified_gmt":"2026-02-04T03:08:00","slug":"nikada-ne-bih-dozvolio-da-mina-dodje-u-ameriku-pevacica-ispratila-kaspera","status":"publish","type":"post","link":"https:\/\/chicagodesavanja.us\/en\/vesti\/nikada-ne-bih-dozvolio-da-mina-dodje-u-ameriku-pevacica-ispratila-kaspera\/","title":{"rendered":"Nikada ne bih dozvolio da Mina do\u0111e u Ameriku: Peva\u010dica ispratila Kaspera"},"content":{"rendered":"<p class=\"wp-block-paragraph\">Mina Kosti\u0107 je posle du\u017eeg vremena ponovo postala aktuelna tema u doma\u0107im medijima, ali ne zbog svoje karijere ve\u0107 zbog ljubavi sa Manetom \u0106uruvijom Kasperom koji je rodom iz Like, a koji ve\u0107 godinama unazad \u017eivi u Americi. Naime, njihova ljubav je po\u010dela preko dru\u0161tvene mre\u017ee Fejsbuk, te su se \u0161est meseci samo dopisivali, a za Novu godinu on je do\u0161ao u Beograd i zvani\u010dno upoznao peva\u010dicu.<\/p>\n\n\n\n<p class=\"wp-block-paragraph\">Od dolaska u Beograd ovaj par je uspeo da ode na desetak televizija gde su pri\u010dali o svojoj ljubavi i uveravali gledaoce da Mane na\u0161u peva\u010dicu voli ve\u0107 20 godina. Me\u0111utim, ju\u010de je on odleteo u Ameriku, a na aerodromu su ga pored peva\u010dice ispratili i brojni mediji.<\/p>\n\n\n\n<p class=\"wp-block-paragraph\">U intervjuu za Kurir \u0106uruvija je kazao za\u0161to se\u00a0Mina\u00a0razlikuje od njegovih prethodnih izabranica:<\/p>\n\n\n\n<p class=\"wp-block-paragraph\">&#8222;Kad bih sad krenuo da nabrajam, ne bi bilo korektno prema tim drugim osobama. Ja spadam u onaj stari kov mu\u0161karaca. Nije mu\u0161karac onaj koji komentari\u0161e bilo koju \u017eenu. Mina je jedinstvena za mene u svemu. Pre svega je dobar \u010dovek i prijatelj i najhrabrija \u017eena koju sam upoznao. Ona je hrabrija od mene puta 10. Ja sebe smatram dosta hrabrim \u010dovekom, a ona je hrabrija od mene. Njen \u017eivot zaslu\u017euje da se napravi jedan film o njoj. Neko sam ko se njoj divi&#8220;, rekao je on i istakao da je celog \u017eivota sanjao o \u017eeni poput peva\u010dice:<\/p>\n\n\n\n<p class=\"wp-block-paragraph\">&#8222;Hvataju se neki da Mina ima neki lapsus ili pogre\u0161an izraz. Ja to sve volim kod nje. Ona je jedna razigrana devoj\u010dica, koja ka\u017ee \u0161ta misli. Ka\u017ee sve iskreno i ba\u0161 je briga. To je sve Mina&#8220;, iskren je Kasper.<\/p>\n\n\n\n<p class=\"wp-block-paragraph\">Kako isti\u010de Kosti\u0107eva, dobar duh zaista i postoji i ne krije da je prona\u0161ala ono \u0161to je dugo pri\u017eeljkivala.<\/p>\n\n\n\n<p class=\"wp-block-paragraph\">&#8222;\u017dene koje tra\u017ee gospodina pravog, samo neka ma\u0161taju i da veruju u \u010dudo jer \u0107e se desiti. Mora da se desi, ako u to verujemo. Ja sam \u010dekala 30 godina da bi se on pojavio. On se pojavio i ranije, ali ja prosto nisam znala. Takav je bio splet okolnosti, da on nije imao hrabrosti da mi pri\u0111e. A ja sam tad bila sama. Rekla sam mu: &#8216;\u0160to mi nisi pri\u0161ao? Dosad bismo imali petoro dece!'&#8220;, ube\u0111ena je Mina, a oboje smatraju da se od sudbine ne mo\u017ee pobe\u0107i, a imali su i poruku za sve one koji i dalje sumnjaju u njihovu ljubav:<\/p>\n\n\n\n<p class=\"wp-block-paragraph\">&#8222;Neka javnost sama do\u0111e do zaklju\u010dka, koliko su oni nas povredili i koliko su bili pravedni prema nama. Ali i koliko su oni bili iskreni sami prema samima sebi, kada su pri\u010dali o nama. Mi nikoga nismo napali ni osudili. Ko veruje u na\u0161u pri\u010du &#8211; veruje, a ko ne veruje &#8211; ne veruje. Ali, oni su to digli na jedan nivo, za koji ja mislim da Srbija i neke mla\u0111e generacije nisu zaslu\u017eili da \u010ditaju takve stvari i da se satanizuje jedan poziv na ljubav. Prvo su za Minu govorili da je luda i glupava, da ja ne postojim i da sam ja &#8216;Chat GPT&#8217;. Svi su je osu\u0111ivali. \u0160ta se de\u0161ava dalje? Ja sam se pojavio i \u0161ok. Onda Mina vi\u0161e nije prolupala i nije luda, e, onda sam ja monstrum i prevarant&#8220;, rekao je \u0106uruvija.<\/p>\n\n\n\n<p class=\"wp-block-paragraph\">Par je prokomentarisao i to \u0161to se u medijima polemisalo o vereni\u010dkom prstenu: &#8222;Joj, gluposti i oko cena, i oko svega. Stvarno ne\u0107u da pri\u010dam o ceni, niti me to interesuje. Ovde je kupio prsten. Neverovatno. \u0160to se mene ti\u010de, mo\u017ee da bude i bi\u017euterija. Ja nemam problem s tim&#8220;, rekla je Kosti\u0107eva, a na njen odgovor se nadovezao i Kasper.<\/p>\n\n\n\n<p class=\"wp-block-paragraph\">&#8222;Ona ni ne zna cenu. Ja sam platio porez u Srbiji. Ovde sam kupio prsten, u svojoj zemlji i dr\u017eavi. Zna\u010di, nisam ga doneo iz Amerike, nisam ga kupio onlajn. Time \u0107u sve re\u0107i. \u017dalosno je \u0161to se cenom prstena bave devojke. Zna\u010di, po njima, ako je prsten neke velike vrednosti &#8211; to je prava ljubav, a ako nije &#8211; to je prevara. Ovo je jako dobar eksperiment \u010dime se ljudi bave. Nikada u \u017eivotu nisam pri\u010dao \u0161ta sam kupio i koliko \u0161ta ko\u0161ta&#8220;, dodao je on.<\/p>\n\n\n\n<p class=\"wp-block-paragraph\">Na kraju, Mina i Kasper su nam otkrili da li \u0107e u budu\u0107nosti \u017eiveti u Srbiji ili Americi.<\/p>\n\n\n\n<p class=\"wp-block-paragraph\">&#8222;Ako \u017eeli\u0161 da razdvoji\u0161 majku od \u0107erke, onda ti nisi iskren i ne voli\u0161 tu \u017eenu. Nikada to ne bih dozvolio. Onda bih ja bio manipulator i egoista koji misli samo na sebe. Anastasija \u0107e zavr\u0161iti srednju \u0161kolu za godinu dana i ona dete \u017eeli ovde da upi\u0161e studije. I zamislite sada kakav bi ja bio \u010dovek jer sam svestan koliko mene Mina voli, da ja nju sad uhvatim pod svoje i da je odvedem u Ameriku da mi sedi ku\u0107i i zadovoljava moje potrebe. \u0160ta bih onda ja bio? Nikada ne bih dozvolio da na\u0161a ljubav uti\u010de na razvoj budu\u0107nosti njene \u0107erke. Njujork nikada ne\u0107e oti\u0107i iz mene, to je grad koji ja volim&#8220;, zaklju\u010dio je \u0106uruvija za&nbsp;<a href=\"https:\/\/www.kurir.rs\/stars\/9902065\/sok-intervju-mine-kostic-i-kaspera\" target=\"_blank\" rel=\"noopener\">Kurir<\/a>.<\/p>\n\n\n\n<p class=\"wp-block-paragraph\"><\/p>\n\n\n\n<p class=\"wp-block-paragraph\" style=\"font-size:10px\">SOURCE: <a href=\"https:\/\/nova.rs\/zabava\/showbiz\/nikada-ne-bih-dozvolio-da-mina-doe-u-ameriku-pevaica-ispratila-kaspera-a-ono-to-je-on-rekao-okiralo-je-sve\/\" target=\"_blank\" rel=\"noopener\">NOVA <\/a>PHOTO: SCREENSHOT<\/p>","protected":false},"excerpt":{"rendered":"<p>Mina Kosti\u0107 je posle du\u017eeg vremena ponovo postala aktuelna tema u doma\u0107im medijima, ali ne zbog svoje karijere ve\u0107 zbog ljubavi sa Manetom \u0106uruvijom Kasperom koji je rodom iz Like, a koji ve\u0107 godinama unazad \u017eivi u Americi. Naime, njihova ljubav je po\u010dela preko dru\u0161tvene mre\u017ee Fejsbuk, te su se \u0161est meseci samo dopisivali, a [&hellip;]<\/p>\n","protected":false},"author":4,"featured_media":14107,"comment_status":"","ping_status":"","sticky":false,"template":"","format":"standard","meta":{"wpai_generated_summary":"","footnotes":""},"categories":[619,620],"tags":[622,4880,4175,623,624,625,626],"class_list":["post-20374","post","type-post","status-publish","format-standard","has-post-thumbnail","hentry","category-muzika-zabava","category-zabava","tag-estrada","tag-kasper","tag-mina-kostic","tag-muzika","tag-poznati","tag-srpska-estrada","tag-zabava"],"_links":{"self":[{"href":"https:\/\/chicagodesavanja.us\/en\/wp-json\/wp\/v2\/posts\/20374","targetHints":{"allow":["GET"]}}],"collection":[{"href":"https:\/\/chicagodesavanja.us\/en\/wp-json\/wp\/v2\/posts"}],"about":[{"href":"https:\/\/chicagodesavanja.us\/en\/wp-json\/wp\/v2\/types\/post"}],"author":[{"embeddable":true,"href":"https:\/\/chicagodesavanja.us\/en\/wp-json\/wp\/v2\/users\/4"}],"replies":[{"embeddable":true,"href":"https:\/\/chicagodesavanja.us\/en\/wp-json\/wp\/v2\/comments?post=20374"}],"version-history":[{"count":0,"href":"https:\/\/chicagodesavanja.us\/en\/wp-json\/wp\/v2\/posts\/20374\/revisions"}],"wp:featuredmedia":[{"embeddable":true,"href":"https:\/\/chicagodesavanja.us\/en\/wp-json\/wp\/v2\/media\/14107"}],"wp:attachment":[{"href":"https:\/\/chicagodesavanja.us\/en\/wp-json\/wp\/v2\/media?parent=20374"}],"wp:term":[{"taxonomy":"category","embeddable":true,"href":"https:\/\/chicagodesavanja.us\/en\/wp-json\/wp\/v2\/categories?post=20374"},{"taxonomy":"post_tag","embeddable":true,"href":"https:\/\/chicagodesavanja.us\/en\/wp-json\/wp\/v2\/tags?post=20374"}],"curies":[{"name":"WP","href":"https:\/\/api.w.org\/{rel}","templated":true}]}}