{"id":20128,"date":"2026-02-16T03:30:00","date_gmt":"2026-02-16T03:30:00","guid":{"rendered":"https:\/\/chicagodesavanja.us\/nova-kriza-ili-istorijski-dogovor-iran-porucuje-sad-necemo-podleci-pritiscima\/"},"modified":"2026-02-16T03:30:00","modified_gmt":"2026-02-16T03:30:00","slug":"nova-kriza-ili-istorijski-dogovor-iran-porucuje-sad-necemo-podleci-pritiscima","status":"publish","type":"post","link":"https:\/\/chicagodesavanja.us\/en\/vesti\/nova-kriza-ili-istorijski-dogovor-iran-porucuje-sad-necemo-podleci-pritiscima\/","title":{"rendered":"Nova kriza ili istorijski dogovor? Iran poru\u010duje SAD: \u201eNe\u0107emo podle\u0107i pritiscima\u201c"},"content":{"rendered":"<p class=\"wp-block-paragraph\">Napetosti izme\u0111u Irana i SAD-a ponovo su u fokusu svetske politike, dok dve strane ulaze u novu rundu indirektnih pregovora o iranskom nuklearnom programu. <\/p>\n\n\n\n<p class=\"wp-block-paragraph\">Razgovori se odr\u017eavaju u \u017denevi, uz posredovanje me\u0111unarodnih partnera i pove\u0107ano vojno prisustvo SAD na Bliskom istoku.<\/p>\n\n\n\n<p class=\"wp-block-paragraph\">Iranski ministar spoljnih poslova Abbas Araghchi istakao je da Teheran dolazi sa \u201erealnim idejama\u201c i jasnim ciljem postizanja pravednog sporazuma, ali bez popu\u0161tanja politi\u010dkim pritiscima. On je najavio i sastanak sa Rafael Grossi iz International Atomic Energy Agency, gde \u0107e fokus biti na tehni\u010dkim aspektima nuklearnog programa.<\/p>\n\n\n\n<p class=\"wp-block-paragraph\">Va\u017enu posredni\u010dku ulogu ponovo ima Oman, \u010diji ministar spoljnih poslova Badr Albusaidi u\u010destvuje u diplomatskim konsultacijama. Prethodna runda pregovora odr\u017eana je u Muscat-u i ocenjena je kao konstruktivan po\u010detak.<\/p>\n\n\n\n<p class=\"wp-block-paragraph\">Sa ameri\u010dke strane, dr\u017eavni sekretar Marco Rubio najavio je diplomatske aktivnosti specijalnog izaslanika Steve Witkoff-a i savetnika Jared Kushner-a, bliskog saradnika predsednika Donald Trump-a. Va\u0161ington poru\u010duje da diplomatija ima prednost, ali paralelno ja\u010da vojno prisustvo, \u0161to uklju\u010duje dodatne snage koje \u0161alje Pentagon.<\/p>\n\n\n\n<p class=\"wp-block-paragraph\">Iran insistira na ukidanju ekonomskih sankcija kao klju\u010dnom uslovu svakog sporazuma, nagla\u0161avaju\u0107i da bez konkretnih ekonomskih koristi dogovor nema smisla. Tokom boravka u \u017denevi, Araghchi \u0107e se obratiti i na skupu United Nations Conference on Disarmament.<\/p>\n\n\n\n<p class=\"wp-block-paragraph\">Analiti\u010dari ocenjuju da bi ishod pregovora mogao zna\u010dajno uticati na globalnu bezbednost, energetsku stabilnost i odnose velikih sila.<\/p>\n\n\n\n<p class=\"wp-block-paragraph\" style=\"font-size:10px\">SOURCE: <a href=\"https:\/\/www.b92.net\/info\/svet\/208123\/iran-necemo-podleci-pritiscima-sjedinjenih-americkih-drzava\/vest\" target=\"_blank\" rel=\"noreferrer noopener\">B92<\/a>, PHOTO: PIXABAY<\/p>","protected":false},"excerpt":{"rendered":"<p>Napetosti izme\u0111u Irana i SAD-a ponovo su u fokusu svetske politike, dok dve strane ulaze u novu rundu indirektnih pregovora o iranskom nuklearnom programu. Razgovori se odr\u017eavaju u \u017denevi, uz posredovanje me\u0111unarodnih partnera i pove\u0107ano vojno prisustvo SAD na Bliskom istoku. Iranski ministar spoljnih poslova Abbas Araghchi istakao je da Teheran dolazi sa \u201erealnim idejama\u201c [&hellip;]<\/p>\n","protected":false},"author":1,"featured_media":16016,"comment_status":"","ping_status":"","sticky":false,"template":"","format":"standard","meta":{"wpai_generated_summary":"","footnotes":""},"categories":[368,431,369],"tags":[10983,1950,404,4676,10984,884,10985,5284,1034,973,568,10986,2528],"class_list":["post-20128","post","type-post","status-publish","format-standard","has-post-thumbnail","hentry","category-vesti-amerika","category-svet","category-vesti","tag-americke-sankcije-iran","tag-diplomatski-pregovori-iran","tag-donald-trump","tag-geopolitika-bliski-istok","tag-iaea-iran","tag-iran","tag-iran-nuklearni-pregovori","tag-nuklearni-sporazum-iran","tag-odnosi","tag-politika","tag-sad","tag-svetska-politika-iran","tag-zeneva-pregovori"],"_links":{"self":[{"href":"https:\/\/chicagodesavanja.us\/en\/wp-json\/wp\/v2\/posts\/20128","targetHints":{"allow":["GET"]}}],"collection":[{"href":"https:\/\/chicagodesavanja.us\/en\/wp-json\/wp\/v2\/posts"}],"about":[{"href":"https:\/\/chicagodesavanja.us\/en\/wp-json\/wp\/v2\/types\/post"}],"author":[{"embeddable":true,"href":"https:\/\/chicagodesavanja.us\/en\/wp-json\/wp\/v2\/users\/1"}],"replies":[{"embeddable":true,"href":"https:\/\/chicagodesavanja.us\/en\/wp-json\/wp\/v2\/comments?post=20128"}],"version-history":[{"count":0,"href":"https:\/\/chicagodesavanja.us\/en\/wp-json\/wp\/v2\/posts\/20128\/revisions"}],"wp:featuredmedia":[{"embeddable":true,"href":"https:\/\/chicagodesavanja.us\/en\/wp-json\/wp\/v2\/media\/16016"}],"wp:attachment":[{"href":"https:\/\/chicagodesavanja.us\/en\/wp-json\/wp\/v2\/media?parent=20128"}],"wp:term":[{"taxonomy":"category","embeddable":true,"href":"https:\/\/chicagodesavanja.us\/en\/wp-json\/wp\/v2\/categories?post=20128"},{"taxonomy":"post_tag","embeddable":true,"href":"https:\/\/chicagodesavanja.us\/en\/wp-json\/wp\/v2\/tags?post=20128"}],"curies":[{"name":"WP","href":"https:\/\/api.w.org\/{rel}","templated":true}]}}