{"id":20118,"date":"2026-02-17T02:40:00","date_gmt":"2026-02-17T02:40:00","guid":{"rendered":"https:\/\/chicagodesavanja.us\/drasticne-mere-uzdrmale-italiju-pljuste-optuzbe-zbog-poteza-premijerke-meloni\/"},"modified":"2026-02-17T02:40:00","modified_gmt":"2026-02-17T02:40:00","slug":"drasticne-mere-uzdrmale-italiju-pljuste-optuzbe-zbog-poteza-premijerke-meloni","status":"publish","type":"post","link":"https:\/\/chicagodesavanja.us\/en\/vesti\/drasticne-mere-uzdrmale-italiju-pljuste-optuzbe-zbog-poteza-premijerke-meloni\/","title":{"rendered":"Drasti\u010dne mere uzdrmale Italiju, plju\u0161te optu\u017ebe zbog poteza premijerke Meloni"},"content":{"rendered":"<p class=\"wp-block-paragraph\">Nova bezbednosna uredba italijanske vlade izazvala je sna\u017ene politi\u010dke reakcije i otvorila raspravu o granici izme\u0111u sigurnosti i gra\u0111anskih prava. <\/p>\n\n\n\n<p class=\"wp-block-paragraph\">Premijerka Giorgia Meloni tvrdi da su stro\u017ee mere odgovor na rastu\u0107e incidente i nasilne proteste, posebno posle sukoba u Torinu, gde je povre\u0111eno vi\u0161e od 100 policajaca tokom demonstracija oko dru\u0161tvenog centra Askatasuna.<\/p>\n\n\n\n<p class=\"wp-block-paragraph\">Dekret odmah stupa na snagu i donosi \u0161ira policijska ovla\u0161\u0107enja \u2014 uklju\u010duju\u0107i preventivno zadr\u017eavanje do 12 sati, lak\u0161e pretresanje osumnji\u010denih i stro\u017eu kontrolu posedovanja oru\u017eja. Posebne bezbednosne zone planirane su i zbog Zimskih olimpijskih igrara.<\/p>\n\n\n\n<p class=\"wp-block-paragraph\">Ministar pravde Carlo Nordio istakao je da je cilj spre\u010diti ekstremizam i potencijalni povratak teroristi\u010dkih grupa poput Crvene brigade. Me\u0111utim, kriti\u010dari smatraju da bi nove odredbe mogle ograni\u010diti pravo na protest i slobodu izra\u017eavanja.<\/p>\n\n\n\n<p class=\"wp-block-paragraph\">Opozicioni lider Giuseppe Conte upozorava da vlast koristi bezbednost kao izgovor za suzbijanje politi\u010dkog neslaganja, dok je predsednik Sergio Mattarella ve\u0107 izrazio zabrinutost zbog mogu\u0107e neustavnosti pojedinih \u010dlanova.<\/p>\n\n\n\n<p class=\"wp-block-paragraph\">Kritike dolaze i iz civilnog sektora. Italo Di Sabato iz organizacije Osservatorio Repressione tvrdi da vlast preuveli\u010dava bezbednosne pretnje uprkos padu kriminala, navode\u0107i da statistika pokazuje manji broj ubistava nego prethodnih godina.<\/p>\n\n\n\n<p class=\"wp-block-paragraph\">Parlament tek treba da potvrdi uredbu, a politi\u010dka scena ostaje duboko podeljena. Dok vlada insistira na potrebi odlu\u010dne borbe protiv nasilja, protivnici upozoravaju da bi Italija mogla krenuti ka restriktivnijem modelu upravljanja.<\/p>\n\n\n\n<p class=\"wp-block-paragraph\" style=\"font-size:10px\">SOURCE: <a href=\"https:\/\/www.b92.net\/info\/svet\/208339\/drasticne-mere-uzdrmale-italiju-pljuste-optuzbe-zbog-poteza-djordje-meloni-sloboda\/vest\" target=\"_blank\" rel=\"noreferrer noopener\">B92<\/a>, PHOTO: PRINTSCREEN<\/p>","protected":false},"excerpt":{"rendered":"<p>Nova bezbednosna uredba italijanske vlade izazvala je sna\u017ene politi\u010dke reakcije i otvorila raspravu o granici izme\u0111u sigurnosti i gra\u0111anskih prava. Premijerka Giorgia Meloni tvrdi da su stro\u017ee mere odgovor na rastu\u0107e incidente i nasilne proteste, posebno posle sukoba u Torinu, gde je povre\u0111eno vi\u0161e od 100 policajaca tokom demonstracija oko dru\u0161tvenog centra Askatasuna. Dekret odmah [&hellip;]<\/p>\n","protected":false},"author":1,"featured_media":13869,"comment_status":"","ping_status":"","sticky":false,"template":"","format":"standard","meta":{"wpai_generated_summary":"","footnotes":""},"categories":[431,369],"tags":[10899,10900,10901,10902,532,10903,1161,10904,10905,10906,10907],"class_list":["post-20118","post","type-post","status-publish","format-standard","has-post-thumbnail","hentry","category-svet","category-vesti","tag-bezbednosne-mere","tag-dekret","tag-giorgia-meloni","tag-gradjanske-slobode-italija","tag-italija","tag-italijanska-vlada-zakon","tag-policija","tag-politicka-kriza-italija","tag-protesti-torino","tag-sigurnost-i-protesti-italija","tag-zimske-olimpijske-igre-milano-kortina"],"_links":{"self":[{"href":"https:\/\/chicagodesavanja.us\/en\/wp-json\/wp\/v2\/posts\/20118","targetHints":{"allow":["GET"]}}],"collection":[{"href":"https:\/\/chicagodesavanja.us\/en\/wp-json\/wp\/v2\/posts"}],"about":[{"href":"https:\/\/chicagodesavanja.us\/en\/wp-json\/wp\/v2\/types\/post"}],"author":[{"embeddable":true,"href":"https:\/\/chicagodesavanja.us\/en\/wp-json\/wp\/v2\/users\/1"}],"replies":[{"embeddable":true,"href":"https:\/\/chicagodesavanja.us\/en\/wp-json\/wp\/v2\/comments?post=20118"}],"version-history":[{"count":0,"href":"https:\/\/chicagodesavanja.us\/en\/wp-json\/wp\/v2\/posts\/20118\/revisions"}],"wp:featuredmedia":[{"embeddable":true,"href":"https:\/\/chicagodesavanja.us\/en\/wp-json\/wp\/v2\/media\/13869"}],"wp:attachment":[{"href":"https:\/\/chicagodesavanja.us\/en\/wp-json\/wp\/v2\/media?parent=20118"}],"wp:term":[{"taxonomy":"category","embeddable":true,"href":"https:\/\/chicagodesavanja.us\/en\/wp-json\/wp\/v2\/categories?post=20118"},{"taxonomy":"post_tag","embeddable":true,"href":"https:\/\/chicagodesavanja.us\/en\/wp-json\/wp\/v2\/tags?post=20118"}],"curies":[{"name":"WP","href":"https:\/\/api.w.org\/{rel}","templated":true}]}}