{"id":20070,"date":"2026-02-19T03:02:00","date_gmt":"2026-02-19T03:02:00","guid":{"rendered":"https:\/\/chicagodesavanja.us\/suspendovan-mitropolit-justin\/"},"modified":"2026-02-19T03:02:00","modified_gmt":"2026-02-19T03:02:00","slug":"suspendovan-mitropolit-justin","status":"publish","type":"post","link":"https:\/\/chicagodesavanja.us\/en\/vesti\/suspendovan-mitropolit-justin\/","title":{"rendered":"Sinod SPC suspendovao mitropolita Justina koji je podr\u017eao studente"},"content":{"rendered":"<p class=\"wp-block-paragraph\">Sveti Arhijerejski Sinod Srpske pravoslavne crkve doneo je 18. februara odluku da suspenduje arhiepiskopa i mitropolita \u017ei\u010dkog Justina, pi\u0161e u dokumentu koji je na dru\u0161tvenim mre\u017eama objavio teolog Blagoje Panteli\u0107. Njegovu du\u017enost preuze\u0107e mitropolit ni\u0161ki Arsenije.<\/p>\n\n\n\n<p class=\"wp-block-paragraph\">U dokumentu se navodi da \u0107e istog dana biti izvr\u0161ena primopredaja du\u017enosti izme\u0111u suspendovanog arhiepsikopa i mitropolita \u017ei\u010dkog Justina i arhiepsikopa i mitropolita ni\u0161kog Arsenija.<\/p>\n\n\n\n<p class=\"wp-block-paragraph\">&#8222;U primopredaji \u0107e, pored gore navedenih arhijereja, u\u010destvovati \u010dlanovi i sekretar Srkvenog suda Eparhije \u017ei\u010dke, sekretar, blagajnik i ra\u010dunoispita\u010d Eparhijskog upravnog odbora, \u010dlanovi Komisije\u00a0Svetog Arhijerejskog Sinoda,\u00a0protojereji-stavrofori Velibor D\u017eomi\u0107 i Vladan Simi\u0107, kao i Milan Andri\u0107 i lica koja ovlasti administrator Eparhije \u017ei\u010dke&#8220;, pi\u0161e u dokumentu.<\/p>\n\n\n\n<p class=\"wp-block-paragraph\">Mitropolit Justin ve\u0107 dugo pru\u017ea podr\u0161ku studentima i upu\u0107uje kritike vlasti u Srbiji koju je upozorio da \u201cmo\u0107 nije data radi nasilja, nego radi slu\u017eenja\u201c.<\/p>\n\n\n\n<p class=\"wp-block-paragraph\">SPC je protiv njega, kako je &#8222;Nova&#8220; ranije pisala, pokrenula istragu zbog &#8222;upitnog na\u010dina na koju je do sada vodio Eparhiju \u017ei\u010dku&#8220;.<\/p>\n\n\n\n<p class=\"wp-block-paragraph\">Po\u010detkom februara vernici su se okupili u episkopskom domu u Kraljevu, kako bi pru\u017eili\u00a0podr\u0161ku mitropolitu Justinu kada je u do\u0161la poseta zvani\u010dnika SPC kako bi se ponovo kontrolisalo poslovanje Eparhije \u017ei\u010dke.<\/p>\n\n\n\n<p class=\"wp-block-paragraph\">Tako\u0111e, mitropolit \u017ei\u010dki omogu\u0107io je studentima iz Novog Pazara koji su pe\u0161a\u010dili pro\u0161le godine u Novi Sadu, da preno\u0107e u manastiru Studenica.<\/p>\n\n\n\n<p class=\"wp-block-paragraph\" style=\"font-size:10px\">SOURCE: <a href=\"https:\/\/n1info.rs\/vesti\/sinod-spc-suspendovao-mitropolita-justina\/\" target=\"_blank\" rel=\"noopener\">N1<\/a> I FOTO: EPARHIJA ZICKA PRINTSCREEN<\/p>","protected":false},"excerpt":{"rendered":"<p>Sveti Arhijerejski Sinod Srpske pravoslavne crkve doneo je 18. februara odluku da suspenduje arhiepiskopa i mitropolita \u017ei\u010dkog Justina, pi\u0161e u dokumentu koji je na dru\u0161tvenim mre\u017eama objavio teolog Blagoje Panteli\u0107. Njegovu du\u017enost preuze\u0107e mitropolit ni\u0161ki Arsenije. U dokumentu se navodi da \u0107e istog dana biti izvr\u0161ena primopredaja du\u017enosti izme\u0111u suspendovanog arhiepsikopa i mitropolita \u017ei\u010dkog Justina [&hellip;]<\/p>\n","protected":false},"author":3,"featured_media":13819,"comment_status":"","ping_status":"","sticky":false,"template":"","format":"standard","meta":{"footnotes":""},"categories":[627,369],"tags":[10639,10640,2655,10641,10642],"class_list":["post-20070","post","type-post","status-publish","format-standard","has-post-thumbnail","hentry","category-vesti-srbija","category-vesti","tag-eparhija-zicka","tag-mitropolit-justin","tag-podrska-studentima","tag-sinod-srpske-pravoslavne-crkve","tag-suspenzija"],"_links":{"self":[{"href":"https:\/\/chicagodesavanja.us\/en\/wp-json\/wp\/v2\/posts\/20070","targetHints":{"allow":["GET"]}}],"collection":[{"href":"https:\/\/chicagodesavanja.us\/en\/wp-json\/wp\/v2\/posts"}],"about":[{"href":"https:\/\/chicagodesavanja.us\/en\/wp-json\/wp\/v2\/types\/post"}],"author":[{"embeddable":true,"href":"https:\/\/chicagodesavanja.us\/en\/wp-json\/wp\/v2\/users\/3"}],"replies":[{"embeddable":true,"href":"https:\/\/chicagodesavanja.us\/en\/wp-json\/wp\/v2\/comments?post=20070"}],"version-history":[{"count":0,"href":"https:\/\/chicagodesavanja.us\/en\/wp-json\/wp\/v2\/posts\/20070\/revisions"}],"wp:featuredmedia":[{"embeddable":true,"href":"https:\/\/chicagodesavanja.us\/en\/wp-json\/wp\/v2\/media\/13819"}],"wp:attachment":[{"href":"https:\/\/chicagodesavanja.us\/en\/wp-json\/wp\/v2\/media?parent=20070"}],"wp:term":[{"taxonomy":"category","embeddable":true,"href":"https:\/\/chicagodesavanja.us\/en\/wp-json\/wp\/v2\/categories?post=20070"},{"taxonomy":"post_tag","embeddable":true,"href":"https:\/\/chicagodesavanja.us\/en\/wp-json\/wp\/v2\/tags?post=20070"}],"curies":[{"name":"WP","href":"https:\/\/api.w.org\/{rel}","templated":true}]}}