{"id":19976,"date":"2026-02-23T04:20:00","date_gmt":"2026-02-23T04:20:00","guid":{"rendered":"https:\/\/chicagodesavanja.us\/pritzker-ispostavio-trump-u-racun-od-868-milijardi-porodice-u-illinois-u-su-platile-cenu-nelegalnih-carina\/"},"modified":"2026-02-23T04:20:00","modified_gmt":"2026-02-23T04:20:00","slug":"pritzker-ispostavio-trump-u-racun-od-868-milijardi-porodice-u-illinois-u-su-platile-cenu-nelegalnih-carina","status":"publish","type":"post","link":"https:\/\/chicagodesavanja.us\/en\/vesti\/pritzker-ispostavio-trump-u-racun-od-868-milijardi-porodice-u-illinois-u-su-platile-cenu-nelegalnih-carina\/","title":{"rendered":"Pritzker ispostavio Trump-u ra\u010dun od $8,68 milijardi: \u201ePorodice u Illinois-u su platile cenu nelegalnih carina!\u201c"},"content":{"rendered":"<p class=\"wp-block-paragraph\">Nakon \u0161to je <a href=\"https:\/\/chicagodesavanja.us\/en\/vesti\/trump-prekoracio-ovlascenja-vrhovni-sud-mu-zadao-tezak-udarac-zbog-globalnih-carina\/\" target=\"_blank\" rel=\"noreferrer noopener\">Supreme Court presudio da predsednik nema ovla\u0161\u0107enja da uvodi carine<\/a> na osnovu Zakona o me\u0111unarodnim vanrednim ekonomskim ovla\u0161\u0107enjima (IEEPA), guverner JB Pritzker zatra\u017eio je od Donald Trump-a da dr\u017eavi Illinois vrati \u010dak $8.679.261.600.<\/p>\n\n\n\n<p class=\"wp-block-paragraph\">Sud je tesnom ve\u0107inom 6-3 odlu\u010dio da IEEPA ne daje predsedniku pravo da samostalno name\u0107e sveobuhvatne \u201erecipro\u010dne\u201c carine. Nakon presude, brojne kompanije pokrenule su zahteve za povrat novca, a Pritzker im se javno pridru\u017eio.<\/p>\n\n\n\n<p class=\"wp-block-paragraph\">U pismu upu\u0107enom Trump-u, guverner navodi da su \u201ecarinski porezi izazvali haos me\u0111u farmerima, naljutili saveznike i podigli cene namirnica\u201c. U ime 5.105.448 doma\u0107instava u Illinois-u, Pritzker zahteva po $1.700 po porodici, isti\u010du\u0107i da su gra\u0111ani \u201eplatili cenu nelegalnih carina \u2013 u prodavnicama, gvo\u017e\u0111arama i za kuhinjskim stolom\u201c. Uz pismo je prilo\u017een i ra\u010dun sa oznakom \u201ePast Due \u2013 Delinquent\u201c.<\/p>\n\n\n\n<p class=\"wp-block-paragraph\">Ovo je samo poslednja u nizu o\u0161trih razmena izme\u0111u Pritzker-a i Trump-a. Njih dvojica su se sukobljavali i oko imigracione politike, slanja Nacionalne garde u \u010cikago, ali i oko federalnog finansiranja programa javnog zdravlja, brige o deci i socijalnih usluga, koje je administracija u vi\u0161e navrata uskra\u0107ivala dr\u017eavama pod vo\u0111stvom demokrata.<\/p>\n\n\n\n<p class=\"wp-block-paragraph\">Dok pravni i politi\u010dki sukob eskalira, pitanje ostaje \u2013 da li \u0107e Illinois zaista uspeti da naplati milijarde dolara od Bele ku\u0107e, ili je ovo tek po\u010detak nove institucionalne bitke?<\/p>\n\n\n\n<p class=\"wp-block-paragraph\" style=\"font-size:10px\">SOURCE: <a href=\"https:\/\/www.cbsnews.com\/chicago\/news\/pritzker-sends-bill-8-billion-refund-trump-supreme-court-tariffs-ruling\/\" target=\"_blank\" rel=\"noreferrer noopener\">CBS NEWS<\/a>, PHOTO: PRINTSCREEN<\/p>","protected":false},"excerpt":{"rendered":"<p>Nakon \u0161to je Supreme Court presudio da predsednik nema ovla\u0161\u0107enja da uvodi carine na osnovu Zakona o me\u0111unarodnim vanrednim ekonomskim ovla\u0161\u0107enjima (IEEPA), guverner JB Pritzker zatra\u017eio je od Donald Trump-a da dr\u017eavi Illinois vrati \u010dak $8.679.261.600. Sud je tesnom ve\u0107inom 6-3 odlu\u010dio da IEEPA ne daje predsedniku pravo da samostalno name\u0107e sveobuhvatne \u201erecipro\u010dne\u201c carine. Nakon [&hellip;]<\/p>\n","protected":false},"author":1,"featured_media":15261,"comment_status":"","ping_status":"","sticky":false,"template":"","format":"standard","meta":{"footnotes":""},"categories":[368,653,369],"tags":[10152,457,370,404,5157,970,971,10153,10154,10155,963],"class_list":["post-19976","post","type-post","status-publish","format-standard","has-post-thumbnail","hentry","category-vesti-amerika","category-cikago","category-vesti","tag-8-68-milijardi","tag-chicago","tag-cikago","tag-donald-trump","tag-ieepa","tag-illinois","tag-jb-pritzker","tag-politicki-sukob","tag-povracaj-carina","tag-reciprocne-carine","tag-supreme-court"],"_links":{"self":[{"href":"https:\/\/chicagodesavanja.us\/en\/wp-json\/wp\/v2\/posts\/19976","targetHints":{"allow":["GET"]}}],"collection":[{"href":"https:\/\/chicagodesavanja.us\/en\/wp-json\/wp\/v2\/posts"}],"about":[{"href":"https:\/\/chicagodesavanja.us\/en\/wp-json\/wp\/v2\/types\/post"}],"author":[{"embeddable":true,"href":"https:\/\/chicagodesavanja.us\/en\/wp-json\/wp\/v2\/users\/1"}],"replies":[{"embeddable":true,"href":"https:\/\/chicagodesavanja.us\/en\/wp-json\/wp\/v2\/comments?post=19976"}],"version-history":[{"count":0,"href":"https:\/\/chicagodesavanja.us\/en\/wp-json\/wp\/v2\/posts\/19976\/revisions"}],"wp:featuredmedia":[{"embeddable":true,"href":"https:\/\/chicagodesavanja.us\/en\/wp-json\/wp\/v2\/media\/15261"}],"wp:attachment":[{"href":"https:\/\/chicagodesavanja.us\/en\/wp-json\/wp\/v2\/media?parent=19976"}],"wp:term":[{"taxonomy":"category","embeddable":true,"href":"https:\/\/chicagodesavanja.us\/en\/wp-json\/wp\/v2\/categories?post=19976"},{"taxonomy":"post_tag","embeddable":true,"href":"https:\/\/chicagodesavanja.us\/en\/wp-json\/wp\/v2\/tags?post=19976"}],"curies":[{"name":"WP","href":"https:\/\/api.w.org\/{rel}","templated":true}]}}