{"id":19971,"date":"2026-02-24T03:00:28","date_gmt":"2026-02-24T03:00:28","guid":{"rendered":"https:\/\/chicagodesavanja.us\/studenti-protest-u-nisu-1-marta-pocece-u-16-casova\/"},"modified":"2026-02-24T03:00:28","modified_gmt":"2026-02-24T03:00:28","slug":"studenti-protest-u-nisu-1-marta-pocece-u-16-casova","status":"publish","type":"post","link":"https:\/\/chicagodesavanja.us\/en\/vesti\/studenti-protest-u-nisu-1-marta-pocece-u-16-casova\/","title":{"rendered":"Studenti u Ni\u0161u otkrili kako \u0107e izgledati protest 1. marta"},"content":{"rendered":"<p class=\"wp-block-paragraph\">Grupa studenata ni\u0161kog Univerziteta saop\u0161tila je da \u0107e 1. marta, na godi\u0161njicu studentskog protesta u Ni\u0161u, organizovati novi pod sloganom &#8222;Dr\u017eava to smo mi&#8220;.<\/p>\n\n\n\n<p class=\"wp-block-paragraph\">Protest \u0107e po\u010deti u 16.00 okupljanjem kod Apelacionog suda i na kru\u017enom toku kod tr\u017enog centra &#8222;Delta planet&#8220;.<\/p>\n\n\n\n<p class=\"wp-block-paragraph\">Okupljeni \u0107e potom, kako je najavljeno, oti\u0107i do Trga kralja Milana i polo\u017eiti vence na spomenik oslobodiocima Ni\u0161a.<\/p>\n\n\n\n<p class=\"wp-block-paragraph\">U 17.45 bi\u0107e emitovana himna &#8222;Bo\u017ee pravde&#8220;, a u 18.00 po\u010de\u0107e program &#8222;Moja otad\u017ebina&#8220;.<\/p>\n\n\n\n<p class=\"wp-block-paragraph\"><a href=\"https:\/\/n1info.rs\/vesti\/studenti-pozvali-na-protestni-skup-u-bujanovcu-28-februara\/\" target=\"_blank\" rel=\"noreferrer noopener\"><\/a>U 18.10 po\u010de\u0107e 16 minuta ti\u0161ine za 16 stradalih u padu nastre\u0161nice na \u017delezni\u010dkoj stanici u Novom Sadu, 1. novembra 2024.<\/p>\n\n\n\n<p class=\"wp-block-paragraph\">Programi &#8222;\u0160to te nema&#8220;, &#8222;Dr\u017eava to smo mi&#8220; i &#8222;Uklju\u010di se i ti!&#8220; traja\u0107e do 19.15 kada \u0107e nastupiti Blokadni hor.<\/p>\n\n\n\n<p class=\"wp-block-paragraph\">Skup \u0107e biti zavr\u0161en u 19.30, najavili su studenti.<\/p>\n\n\n\n<p class=\"wp-block-paragraph\">U susret protestu grupa studenata ni\u0161kog Univerziteta zapo\u010dela je seriju tribina na jugu Srbije pod nazivom &#8222;Nedelja slobode na jugu Srbije&#8220;.<\/p>\n\n\n\n<p class=\"wp-block-paragraph\">Teme tribina su ekologija, ekonomija, lokalna samouprava, sloboda medija, represija, zdravstvo i korupcija.<\/p>\n\n\n\n<p class=\"wp-block-paragraph\">&#8222;Razgovaramo, povezujemo se, di\u017eemo glas i borimo se zajedno za pravdu, istinu i funkcionalnu dr\u017eavu&#8220;, naveli su studenti.<\/p>\n\n\n\n<p class=\"wp-block-paragraph\">Prema najavi, prva tribina organizovana j popodne u Skup\u0161tinskoj sali u Prokuplju, dok \u0107e druga biti sutra, 4. februara u 18.00 u sali hotela &#8222;Atina Lux&#8220; u Leskovcu.<\/p>\n\n\n\n<p class=\"wp-block-paragraph\">U sredu 25. februara u 19.00 bi\u0107e organizovana tribina u Pirotu u sali hotela &#8222;Ana Lux&#8220;, u \u010detvrtak, 26. februara u 18.00 u Medijskom skloni\u0161tu u Vranju, a u Aleksincu 27. februara u 18.00u centru kod fontane.<\/p>\n\n\n\n<p class=\"wp-block-paragraph\" style=\"font-size:10px\">SOURCE: <a href=\"https:\/\/n1info.rs\/vesti\/studenti-u-nisu-otkrili-kako-ce-izgledati-protest-1-marta\/\" target=\"_blank\" rel=\"noopener\">N1<\/a> PHOTO: YOUTUBE SCREENSHOT<\/p>","protected":false},"excerpt":{"rendered":"<p>Grupa studenata ni\u0161kog Univerziteta saop\u0161tila je da \u0107e 1. marta, na godi\u0161njicu studentskog protesta u Ni\u0161u, organizovati novi pod sloganom &#8222;Dr\u017eava to smo mi&#8220;. Protest \u0107e po\u010deti u 16.00 okupljanjem kod Apelacionog suda i na kru\u017enom toku kod tr\u017enog centra &#8222;Delta planet&#8220;. Okupljeni \u0107e potom, kako je najavljeno, oti\u0107i do Trga kralja Milana i polo\u017eiti [&hellip;]<\/p>\n","protected":false},"author":3,"featured_media":14476,"comment_status":"","ping_status":"","sticky":false,"template":"","format":"standard","meta":{"footnotes":""},"categories":[627,369],"tags":[10128,10129,858,10130,631,805,2801],"class_list":["post-19971","post","type-post","status-publish","format-standard","has-post-thumbnail","hentry","category-vesti-srbija","category-vesti","tag-1-mart","tag-godisnjica-protesta","tag-nis","tag-pad-nadstresnice","tag-srbija","tag-studenti","tag-studentski-protesti"],"_links":{"self":[{"href":"https:\/\/chicagodesavanja.us\/en\/wp-json\/wp\/v2\/posts\/19971","targetHints":{"allow":["GET"]}}],"collection":[{"href":"https:\/\/chicagodesavanja.us\/en\/wp-json\/wp\/v2\/posts"}],"about":[{"href":"https:\/\/chicagodesavanja.us\/en\/wp-json\/wp\/v2\/types\/post"}],"author":[{"embeddable":true,"href":"https:\/\/chicagodesavanja.us\/en\/wp-json\/wp\/v2\/users\/3"}],"replies":[{"embeddable":true,"href":"https:\/\/chicagodesavanja.us\/en\/wp-json\/wp\/v2\/comments?post=19971"}],"version-history":[{"count":0,"href":"https:\/\/chicagodesavanja.us\/en\/wp-json\/wp\/v2\/posts\/19971\/revisions"}],"wp:featuredmedia":[{"embeddable":true,"href":"https:\/\/chicagodesavanja.us\/en\/wp-json\/wp\/v2\/media\/14476"}],"wp:attachment":[{"href":"https:\/\/chicagodesavanja.us\/en\/wp-json\/wp\/v2\/media?parent=19971"}],"wp:term":[{"taxonomy":"category","embeddable":true,"href":"https:\/\/chicagodesavanja.us\/en\/wp-json\/wp\/v2\/categories?post=19971"},{"taxonomy":"post_tag","embeddable":true,"href":"https:\/\/chicagodesavanja.us\/en\/wp-json\/wp\/v2\/tags?post=19971"}],"curies":[{"name":"WP","href":"https:\/\/api.w.org\/{rel}","templated":true}]}}