{"id":19881,"date":"2026-02-28T03:15:00","date_gmt":"2026-02-28T03:15:00","guid":{"rendered":"https:\/\/chicagodesavanja.us\/desingerica-u-centru-skandala-doveo-jagnje-na-nastup\/"},"modified":"2026-02-28T03:15:00","modified_gmt":"2026-02-28T03:15:00","slug":"desingerica-u-centru-skandala-doveo-jagnje-na-nastup","status":"publish","type":"post","link":"https:\/\/chicagodesavanja.us\/en\/vesti\/desingerica-u-centru-skandala-doveo-jagnje-na-nastup\/","title":{"rendered":"Desingerica se oglasio nakon vesti da mu preti zatvor"},"content":{"rendered":"<p class=\"wp-block-paragraph\">Kontroverzni reper,\u00a0Dragomir Despi\u0107 Desingerica na\u0161ao se u centru skandala.<\/p>\n\n\n\n<p class=\"wp-block-paragraph\">Na njegovom nastupu u Vranju na bini se pojavilo \u017eivo jagnje koje je kako je Despi\u0107 priznao doneo organizator.<\/p>\n\n\n\n<p class=\"wp-block-paragraph\">Nakon toga, stigle su tri krivi\u010dne prijave u Osnovnom javnom tu\u017eila\u0161tvu u Vranju podnete su protiv repera Dragomira Despi\u0107a Desingerice, zbog nedavnog nastupa ujednom klubu u pomenutom mestu.<\/p>\n\n\n\n<p class=\"wp-block-paragraph\">Sada su se oglasili iz organizacije \u201e\u0110ole dog\u201c, te naveli da im je Osnovno javno tu\u017eila\u0161tvo odgovorilo na upu\u0107ene prijave.<\/p>\n\n\n\n<p class=\"wp-block-paragraph\">Ubrzo se i Despi\u0107 oglasio, izneo svoju izjavu i komentarisao ove navode.<\/p>\n\n\n\n<p class=\"wp-block-paragraph\">\u2013 Postoji snimak na kojem se vidi sve, neka ljudi malo bolje otvore o\u010di. \u017divotinja nije moja, ja sam zavr\u0161io posao i oti\u0161ao ku\u0107i, tu\u0111i postupci me ne zanimaju, niti se u njih me\u0161am. Ja sam bio tamo da nastupam, zavr\u0161io sam i oti\u0161ao svojim putem. Ne \u017eelim da raspravljam o tome, nastupao sam i oti\u0161ao ku\u0107i, druge stvari neka pitaju koga treba. Ne znam ni o \u010demu se radi. Ne znam ko je doneo to jagnje i ne zanima me, ne bavim se time, to nije moj posao, niti odgovaram za tu\u0111e postupke \u2013 rekao je Desingerica za doma\u0107e medije.<\/p>\n\n\n\n<p class=\"wp-block-paragraph\">Podsetimo, reperu su na scenu doneli \u017eivo jagnje koje se opiralo i poku\u0161avalo da pobegne, dok je Despi\u0107 neumorno izvodio svoju pesmu \u201e\u010cokolada\u201c.<\/p>\n\n\n\n<p class=\"wp-block-paragraph\">Ova scena izazvala je lavinu negativnih komentara ljudi na dru\u0161tvenim mre\u017eama i mnogi su izrazili \u0161ok i negodovanje zbog svega \u0161to se desilo.<\/p>\n\n\n\n<p class=\"wp-block-paragraph\">Jedan od komentara glasi: \u201eOvo je previ\u0161e, umetnost ne sme da uklju\u010duje zlostavljanje \u017eivotinja!\u201c<\/p>\n\n\n\n<p class=\"wp-block-paragraph\" style=\"font-size:10px\">SOURCE: <a href=\"https:\/\/hypetv.rs\/sok-desingerica-se-oglasio-nakon-vesti-da-mu-preti-zatvor-ja-sam-zavrsio-posao\/\" target=\"_blank\" rel=\"noopener\">HYPETV <\/a>PHOTO: YOUTUBE SCREENSHOT<\/p>","protected":false},"excerpt":{"rendered":"<p>Kontroverzni reper,\u00a0Dragomir Despi\u0107 Desingerica na\u0161ao se u centru skandala. Na njegovom nastupu u Vranju na bini se pojavilo \u017eivo jagnje koje je kako je Despi\u0107 priznao doneo organizator. Nakon toga, stigle su tri krivi\u010dne prijave u Osnovnom javnom tu\u017eila\u0161tvu u Vranju podnete su protiv repera Dragomira Despi\u0107a Desingerice, zbog nedavnog nastupa ujednom klubu u pomenutom [&hellip;]<\/p>\n","protected":false},"author":3,"featured_media":13676,"comment_status":"","ping_status":"","sticky":false,"template":"","format":"standard","meta":{"footnotes":""},"categories":[619,620],"tags":[9662,9663,9664,2339],"class_list":["post-19881","post","type-post","status-publish","format-standard","has-post-thumbnail","hentry","category-muzika-zabava","category-zabava","tag-desingerica","tag-desingerica-doveo-jagnje-na-nastup","tag-jagnje","tag-pevac"],"_links":{"self":[{"href":"https:\/\/chicagodesavanja.us\/en\/wp-json\/wp\/v2\/posts\/19881","targetHints":{"allow":["GET"]}}],"collection":[{"href":"https:\/\/chicagodesavanja.us\/en\/wp-json\/wp\/v2\/posts"}],"about":[{"href":"https:\/\/chicagodesavanja.us\/en\/wp-json\/wp\/v2\/types\/post"}],"author":[{"embeddable":true,"href":"https:\/\/chicagodesavanja.us\/en\/wp-json\/wp\/v2\/users\/3"}],"replies":[{"embeddable":true,"href":"https:\/\/chicagodesavanja.us\/en\/wp-json\/wp\/v2\/comments?post=19881"}],"version-history":[{"count":0,"href":"https:\/\/chicagodesavanja.us\/en\/wp-json\/wp\/v2\/posts\/19881\/revisions"}],"wp:featuredmedia":[{"embeddable":true,"href":"https:\/\/chicagodesavanja.us\/en\/wp-json\/wp\/v2\/media\/13676"}],"wp:attachment":[{"href":"https:\/\/chicagodesavanja.us\/en\/wp-json\/wp\/v2\/media?parent=19881"}],"wp:term":[{"taxonomy":"category","embeddable":true,"href":"https:\/\/chicagodesavanja.us\/en\/wp-json\/wp\/v2\/categories?post=19881"},{"taxonomy":"post_tag","embeddable":true,"href":"https:\/\/chicagodesavanja.us\/en\/wp-json\/wp\/v2\/tags?post=19881"}],"curies":[{"name":"WP","href":"https:\/\/api.w.org\/{rel}","templated":true}]}}