{"id":19754,"date":"2026-03-06T03:06:00","date_gmt":"2026-03-06T03:06:00","guid":{"rendered":"https:\/\/chicagodesavanja.us\/obavestenje-za-srbe-u-uae\/"},"modified":"2026-03-06T03:06:00","modified_gmt":"2026-03-06T03:06:00","slug":"obavestenje-za-srbe-u-uae","status":"publish","type":"post","link":"https:\/\/chicagodesavanja.us\/en\/vesti\/obavestenje-za-srbe-u-uae\/","title":{"rendered":"Stiglo obave\u0161tenje za Srbe u Emiratima, oglasila se na\u0161a ambasada!"},"content":{"rendered":"<p class=\"wp-block-paragraph\">Ambasada Srbije\u00a0u Ujedinjenim Arapskim Emiratima saop\u0161tila je da je vazdu\u0161ni prostor u UAE delimi\u010dno otvoren i da se organizuje ograni\u010den broj odlaznih letova.<\/p>\n\n\n\n<p class=\"wp-block-paragraph\">Kako su naveli na svom zvani\u010dnom nalogu na mre\u017ei Iks (Tviter), u ovom trenutku jedino lokalne aviokompanije organizuju letove iz zemlje.<\/p>\n\n\n\n<p class=\"wp-block-paragraph\">&#8211; Nagla\u0161avamo i da je kompanija &#8222;Fly Dubai&#8220; do sada organizovala dva leta od Dubaija do Beograda u prethodna dva dana. Prema informacijama kojima raspola\u017eemo, prioritetne grupe su gra\u0111ani koji su ostali u tranzitu i turisti. Molimo sve gra\u0111ane da prate najave i budu u redovnom kontaktu sa svojim aviokompanijama koje rade na organizaciji povratnih letova. Ambasada \u0107e nastaviti da redovno obave\u0161tava o razvoju situacije &#8211; naveli su.<\/p>\n\n\n\n<p class=\"wp-block-paragraph\">Ambasada je tako\u0111e poru\u010dila da \u0107e nastaviti da redovno obave\u0161tava javnost o svakom daljem razvoju situacije.<\/p>\n\n\n\n<p class=\"wp-block-paragraph\" style=\"font-size:10px\">SOURCE: <a href=\"https:\/\/24sedam.rs\/drustvo\/vesti\/446078\/stiglo-obavestenje-za-srbe-u-emiratima-oglasila-se-nasa-ambasada\/vest\" target=\"_blank\" rel=\"noopener\">24SEDAM<\/a> Photo: UNSPLASH<\/p>","protected":false},"excerpt":{"rendered":"<p>Ambasada Srbije\u00a0u Ujedinjenim Arapskim Emiratima saop\u0161tila je da je vazdu\u0161ni prostor u UAE delimi\u010dno otvoren i da se organizuje ograni\u010den broj odlaznih letova. Kako su naveli na svom zvani\u010dnom nalogu na mre\u017ei Iks (Tviter), u ovom trenutku jedino lokalne aviokompanije organizuju letove iz zemlje. &#8211; Nagla\u0161avamo i da je kompanija &#8222;Fly Dubai&#8220; do sada organizovala [&hellip;]<\/p>\n","protected":false},"author":3,"featured_media":13562,"comment_status":"","ping_status":"","sticky":false,"template":"","format":"standard","meta":{"footnotes":""},"categories":[627,369],"tags":[8970,8971,884,948,2405,1917,8972,8973,8974],"class_list":["post-19754","post","type-post","status-publish","format-standard","has-post-thumbnail","hentry","category-vesti-srbija","category-vesti","tag-ambasada-srbije","tag-ambasada-srbije-u-emiratima","tag-iran","tag-izrael","tag-letovi","tag-rat-na-bliskom-istoku","tag-srbi-u-uae","tag-ujedinjeni-arapski-emirati","tag-vazdusni-prostor"],"_links":{"self":[{"href":"https:\/\/chicagodesavanja.us\/en\/wp-json\/wp\/v2\/posts\/19754","targetHints":{"allow":["GET"]}}],"collection":[{"href":"https:\/\/chicagodesavanja.us\/en\/wp-json\/wp\/v2\/posts"}],"about":[{"href":"https:\/\/chicagodesavanja.us\/en\/wp-json\/wp\/v2\/types\/post"}],"author":[{"embeddable":true,"href":"https:\/\/chicagodesavanja.us\/en\/wp-json\/wp\/v2\/users\/3"}],"replies":[{"embeddable":true,"href":"https:\/\/chicagodesavanja.us\/en\/wp-json\/wp\/v2\/comments?post=19754"}],"version-history":[{"count":0,"href":"https:\/\/chicagodesavanja.us\/en\/wp-json\/wp\/v2\/posts\/19754\/revisions"}],"wp:featuredmedia":[{"embeddable":true,"href":"https:\/\/chicagodesavanja.us\/en\/wp-json\/wp\/v2\/media\/13562"}],"wp:attachment":[{"href":"https:\/\/chicagodesavanja.us\/en\/wp-json\/wp\/v2\/media?parent=19754"}],"wp:term":[{"taxonomy":"category","embeddable":true,"href":"https:\/\/chicagodesavanja.us\/en\/wp-json\/wp\/v2\/categories?post=19754"},{"taxonomy":"post_tag","embeddable":true,"href":"https:\/\/chicagodesavanja.us\/en\/wp-json\/wp\/v2\/tags?post=19754"}],"curies":[{"name":"WP","href":"https:\/\/api.w.org\/{rel}","templated":true}]}}