{"id":19750,"date":"2026-03-06T03:12:00","date_gmt":"2026-03-06T03:12:00","guid":{"rendered":"https:\/\/chicagodesavanja.us\/manastir-koji-krije-tajnu-himne-svetom-savi\/"},"modified":"2026-03-06T03:12:00","modified_gmt":"2026-03-06T03:12:00","slug":"manastir-koji-krije-tajnu-himne-svetom-savi","status":"publish","type":"post","link":"https:\/\/chicagodesavanja.us\/en\/vesti\/manastir-koji-krije-tajnu-himne-svetom-savi\/","title":{"rendered":"Manastir Kuve\u017edin: Pri\u010da o vaskrsenju svetinje koja \u010duva tajnu Himne Svetom Savi"},"content":{"rendered":"<p class=\"wp-block-paragraph\" id=\"yui_3_17_2_1_1772706604741_514\">Ako ikada posetite <strong>Kuve\u017edin<\/strong> zate\u0107i \u0107ete impresivno manastirsko zdanje sa elegantnom belom crkvom, dve kapele, prostranim konacima, ure\u0111enim vo\u0107njacima i slo\u017enim, vrednim bratstvom koje \u0107e vas srda\u010dno do\u010dekati. Mir i spokoj kojim odu\u0161e mala dolina ukra\u0161ena potokom i gustom \u0161umom, na jugozapadnom delu Fru\u0161ke gore, toliko je potpun da je skoro opipljiv, pa \u010dovek ne mo\u017ee da poveruje da je ikada bio naru\u0161en. Jer \u2013 kako i\u0161ta lo\u0161e mo\u017ee da se dogodi na jednom ovakvom mestu?!<\/p>\n\n\n\n<p class=\"wp-block-paragraph\">Ipak, ta atmosfera vara! Da ste se pre nekoliko decenija obreli na ovom mestu, verovatno ga ne biste ni prepoznali. Vladala je pusto\u0161, konaci su bili ru\u0161evine odakle je odno\u0161en gra\u0111evinski materijal, a od velelepnog hrama videli biste samo polusru\u0161ene, \u010da\u0111ave zidine.<\/p>\n\n\n\n<figure class=\"wp-block-embed is-type-video is-provider-youtube wp-block-embed-youtube wp-embed-aspect-16-9 wp-has-aspect-ratio\"><div class=\"wp-block-embed__wrapper\">\n<iframe loading=\"lazy\" title=\"\u041f\u0435\u0432\u0430\u0447\u043a\u043e \u0434\u0440\u0443\u0448\u0442\u0432\u043e \u0425\u0440\u0430\u043c\u0430 \u0421\u0432\u0435\u0442\u043e\u0433 \u0421\u0430\u0432\u0435 - \u0425\u0438\u043c\u043d\u0430 \u0421\u0432\u0435\u0442\u043e\u043c \u0421\u0430\u0432\u0438\" width=\"500\" height=\"281\" src=\"https:\/\/www.youtube.com\/embed\/NTPZcBRDxZM?feature=oembed\" frameborder=\"0\" allow=\"accelerometer; autoplay; clipboard-write; encrypted-media; gyroscope; picture-in-picture; web-share\" referrerpolicy=\"strict-origin-when-cross-origin\" allowfullscreen><\/iframe>\n<\/div><\/figure>\n\n\n\n<p class=\"wp-block-paragraph\"><\/p>\n\n\n\n<p class=\"wp-block-paragraph\"><\/p>\n\n\n\n<p class=\"wp-block-paragraph\">Jer, pri\u010da o Kuve\u017edinu, pri\u010da je o jednom od fru\u0161kogorskih manastira koji je najvi\u0161e stradao\u2026 ali i pri\u010da o zaboravljenoj hrabrosti, vaskrsenju i \u017eivotu koji uvek na\u0111e put!<\/p>\n\n\n\n<p class=\"wp-block-paragraph\"><strong>Zadu\u017ebina Stefana \u0160tiljanovi\u0107a<\/strong><\/p>\n\n\n\n<p class=\"wp-block-paragraph\">Kuve\u017edin je najverovatnije podigao Sveti Stefan \u0160tiljanovi\u0107 1520. godine. Kako postoji nekoliko izvora iz 16. veka koji ga pominju, izvesno je da je ve\u0107 tada postojao. Zna se da su se u njemu, be\u017ee\u0107i pred Turcima, tokom Velikog be\u010dkog rata, nastanili monasi iz Vin\u010de i Slanaca kraj Beograda, donose\u0107i veliki broj vrednih crkvenih predmeta i knjiga.<\/p>\n\n\n\n<p class=\"wp-block-paragraph\">Tokom dobrog dela istorije, Kuve\u017edin je predstavljao jedinstvenu celinu sa obli\u017enjim \u0160i\u0161atovcem, a manastiri su razdeljeni tek po\u010detkom 18. veka. O staroj crkvi koja se nalazila na ovom mestu nema mnogo tragova. Zna se da je bila od kamena, sa zvonikom i dva kubeta. \u010citav kompleks je tokom 18. veka nekoliko puta obnavljan i dogra\u0111ivan, pa je tako na obli\u017enjem uzvi\u0161enju 1778. podignuta lepa kapela posve\u0107ena Vaznesenju Gospodnjem koju su, zbog \u010dinjenice da se oko nje sahranjivalo mona\u0161tvo, prozvali i \u2013 Grobljanska.<\/p>\n\n\n\n<figure class=\"wp-block-embed is-type-video is-provider-youtube wp-block-embed-youtube wp-embed-aspect-16-9 wp-has-aspect-ratio\"><div class=\"wp-block-embed__wrapper\">\n<iframe loading=\"lazy\" title=\"\u0413\u043e\u0434\u0435\u043d\u043e\u0432\u0441\u043a\u0438 \u041a\u0440\u0441\u0442 - \u041c\u0430\u043d\u0430\u0441\u0442\u0438\u0440 \u041a\u0443\u0432\u0435\u0436\u0434\u0438\u043d\" width=\"500\" height=\"281\" src=\"https:\/\/www.youtube.com\/embed\/rtSwY92NDwA?feature=oembed\" frameborder=\"0\" allow=\"accelerometer; autoplay; clipboard-write; encrypted-media; gyroscope; picture-in-picture; web-share\" referrerpolicy=\"strict-origin-when-cross-origin\" allowfullscreen><\/iframe>\n<\/div><\/figure>\n\n\n\n<p class=\"wp-block-paragraph\"><\/p>\n\n\n\n<p class=\"wp-block-paragraph\"><strong>Jedini manastir posve\u0107en Svetom Savi<\/strong><\/p>\n\n\n\n<p class=\"wp-block-paragraph\">Za Kuve\u017edin se vezuje jedan kuriozitet. Naime, manastirska slava je Preobra\u017eenje, ali je crkva od davnina posve\u0107ena Svetom Savi i Svetom Simeonu. Zapravo, u pitanju je jedini manastir u \u010ditavoj Srbiji posve\u0107en Svetom Savi, pa se zbog ove okolnosti smatra da je Kuve\u017edin u pro\u0161losti odigrao va\u017enu ulogu u \u0161irenju kulta Nemanji\u0107a me\u0111u stanovni\u0161tvom Srema.<\/p>\n\n\n\n<p class=\"wp-block-paragraph\"><strong>Mesto gde je nastala himna Svetom Savi?<\/strong><\/p>\n\n\n\n<p class=\"wp-block-paragraph\">Iako niko danas zapravo ne zna ko je napisao Himnu Svetom Savi, jedna od verzija ka\u017ee da je ona nastala upravo u Kuve\u017edinu 1735. godine i da ju je spevao ili neki tada\u0161nji monah ili vladika vr\u0161a\u010dki Jovan Georgijevi\u0107. Pesma se zatim pro\u0161irila, pa ju je vi\u0161e od veka kasnije 1858. u Be\u010du \u010duo i zabele\u017eio Kornelije Stankovi\u0107.<\/p>\n\n\n\n<p class=\"wp-block-paragraph\">Kako je arhiva fru\u0161kogorskih manastira uglavnom uni\u0161tena, ne postoje pisani tragovi koji bi potkrepili ovu teoriju, ali je mogu\u0107e da se \u201cUskliknimo s ljubavlju svetitelju Savi\u201d zapravo prvi put za\u010dulo unutar zidina kuve\u017edinskog hrama.<\/p>\n\n\n\n<figure class=\"wp-block-embed is-type-video is-provider-youtube wp-block-embed-youtube wp-embed-aspect-16-9 wp-has-aspect-ratio\"><div class=\"wp-block-embed__wrapper\">\n<iframe loading=\"lazy\" title=\"Nestvarna mesta: Manastir Kuve\u017edin @VojvodinaUzivo\" width=\"500\" height=\"281\" src=\"https:\/\/www.youtube.com\/embed\/LYboDQT9lh8?feature=oembed\" frameborder=\"0\" allow=\"accelerometer; autoplay; clipboard-write; encrypted-media; gyroscope; picture-in-picture; web-share\" referrerpolicy=\"strict-origin-when-cross-origin\" allowfullscreen><\/iframe>\n<\/div><\/figure>\n\n\n\n<p class=\"wp-block-paragraph\"><\/p>\n\n\n\n<p class=\"wp-block-paragraph\"><strong>Jedan od prvih \u017eenskih manastira<\/strong><\/p>\n\n\n\n<p class=\"wp-block-paragraph\">Kuve\u017edin je u pro\u0161losti bio mu\u0161ki manastir. Ipak, nakon Prvog svetskog rata i agrarne reforme koja je usledila na\u0161ao se u te\u0161kom stanju. Tako su ga zatekle ruske monahinje koje su, be\u017ee\u0107i od Oktobarske revolucije, ovde prona\u0161le dom. Kuve\u017edin je tako 1923. progla\u0161en jednim od prvih \u017eenskih manastira u novijoj srpskoj istoriji, na \u010delu sa Melanijom Krivoku\u0107in, prvom igumanijom Srpske pravoslavne crkve nakon njenog ujedinjenja 1920.<\/p>\n\n\n\n<p class=\"wp-block-paragraph\">Upravo zahvaljuju\u0107i vrednom radu i trudu ovog sestrinstva, Kuve\u017edin se uzdigao \u2013 ve\u0107 tokom \u201930-ih godina ponovo je va\u017eio za ugledan i bogat, a brojao je preko 50 monahinja, \u0161to ga je \u010dinilo jednim od najve\u0107ih u \u010ditavoj zemlji. U osvit Drugog svetskog rata, 1938. metoh Kuve\u017edina postao je novoizgra\u0111eni manastir Vavedenja u Beogradu.<\/p>\n\n\n\n<p class=\"wp-block-paragraph\"><strong>Stra\u0161no stradanje<\/strong><\/p>\n\n\n\n<p class=\"wp-block-paragraph\">Kao i mnoge druge pravoslavne svetinje Fru\u0161ke gore, i Kuve\u017edin je stra\u0161no stradao tokom Drugog svetskog rata. Odmah po uspostavljanju vlasti Nezavisne Dr\u017eave Hrvatske manastir je oplja\u010dkan, a deo sestrinstva je, na \u010delu sa starom igumanijom Melanijom, odveden u logor Caprag kod Zagreba gde su provele nekoliko meseci pre nego \u0161to su oslobo\u0111ene.<\/p>\n\n\n\n<p class=\"wp-block-paragraph\">Tokom ratnih godina, zapusteli Kuve\u017edin su koristile usta\u0161e, pa pripadnici Narodnooslobodila\u010dkog pokreta, a manastir je spaljen, a u prole\u0107e 1944. i miniran nakon \u010dega je ostao potpuno uni\u0161ten. Zabele\u017een je i dirljiv slu\u010daj monahinje Jelene koju su usta\u0161e ubile zato \u0161to su je zatekle kako pretura po ru\u0161evinama i poku\u0161ava da skloni pre\u017eivele ikone sa ikonostasa. Zahvaljuju\u0107i njenom herojstvu, spaseno je oko 20 ikona koje je uspela da sakrije u Grobljanskoj kapeli.<\/p>\n\n\n\n<p class=\"wp-block-paragraph\" style=\"font-size:10px\">SOURCE: <a href=\"https:\/\/www.istorijskizabavnik.rs\/blog\/himna-svetom-savi-autor-i-gde-je-nastala\" target=\"_blank\" rel=\"noopener\">ISTORIJSKI ZABAVNIK <\/a>PHOTO: YOUTUBE SCREENSHOT<\/p>","protected":false},"excerpt":{"rendered":"<p>Ako ikada posetite Kuve\u017edin zate\u0107i \u0107ete impresivno manastirsko zdanje sa elegantnom belom crkvom, dve kapele, prostranim konacima, ure\u0111enim vo\u0107njacima i slo\u017enim, vrednim bratstvom koje \u0107e vas srda\u010dno do\u010dekati. Mir i spokoj kojim odu\u0161e mala dolina ukra\u0161ena potokom i gustom \u0161umom, na jugozapadnom delu Fru\u0161ke gore, toliko je potpun da je skoro opipljiv, pa \u010dovek ne [&hellip;]<\/p>\n","protected":false},"author":3,"featured_media":13585,"comment_status":"","ping_status":"","sticky":false,"template":"","format":"standard","meta":{"footnotes":""},"categories":[1130],"tags":[8933,8934,8935,8936,8937,8938,8939,8940,8941,8942,8943,8944,8945,8946,8947,8948,8949,8950,1148,8951,8952,8953,8954],"class_list":["post-19750","post","type-post","status-publish","format-standard","has-post-thumbnail","hentry","category-tradicija","tag-fruska-gora","tag-grobljanska-kapela","tag-himna-svetom-savi","tag-ikone-kuvezdin","tag-istorija-srema","tag-kornelije-stankovic","tag-kult-nemanjica","tag-manastir-kuvezdin","tag-manastir-sisatovac","tag-manastiri-na-fruskoj-gori","tag-melanija-krivokucin","tag-pravoslavna-bastina","tag-pravoslavne-svetinje","tag-prva-srpska-igumanija","tag-srpski-manastiri","tag-stefan-stiljanovic","tag-stradanje-manastira-u-drugom-svetskom-ratu","tag-sveti-sava","tag-tradicija","tag-uskliknimo-s-ljubavlju","tag-verski-turizam-srbija","tag-zaduzbina-stiljanovica","tag-zenski-manastiri-u-srbiji"],"_links":{"self":[{"href":"https:\/\/chicagodesavanja.us\/en\/wp-json\/wp\/v2\/posts\/19750","targetHints":{"allow":["GET"]}}],"collection":[{"href":"https:\/\/chicagodesavanja.us\/en\/wp-json\/wp\/v2\/posts"}],"about":[{"href":"https:\/\/chicagodesavanja.us\/en\/wp-json\/wp\/v2\/types\/post"}],"author":[{"embeddable":true,"href":"https:\/\/chicagodesavanja.us\/en\/wp-json\/wp\/v2\/users\/3"}],"replies":[{"embeddable":true,"href":"https:\/\/chicagodesavanja.us\/en\/wp-json\/wp\/v2\/comments?post=19750"}],"version-history":[{"count":0,"href":"https:\/\/chicagodesavanja.us\/en\/wp-json\/wp\/v2\/posts\/19750\/revisions"}],"wp:featuredmedia":[{"embeddable":true,"href":"https:\/\/chicagodesavanja.us\/en\/wp-json\/wp\/v2\/media\/13585"}],"wp:attachment":[{"href":"https:\/\/chicagodesavanja.us\/en\/wp-json\/wp\/v2\/media?parent=19750"}],"wp:term":[{"taxonomy":"category","embeddable":true,"href":"https:\/\/chicagodesavanja.us\/en\/wp-json\/wp\/v2\/categories?post=19750"},{"taxonomy":"post_tag","embeddable":true,"href":"https:\/\/chicagodesavanja.us\/en\/wp-json\/wp\/v2\/tags?post=19750"}],"curies":[{"name":"WP","href":"https:\/\/api.w.org\/{rel}","templated":true}]}}