{"id":19715,"date":"2026-03-08T03:27:00","date_gmt":"2026-03-08T03:27:00","guid":{"rendered":"https:\/\/chicagodesavanja.us\/zaratile-ceca-i-bekuta-ana-izbegava-raznatovicku-isplivali-detalji-raskola\/"},"modified":"2026-03-08T03:27:00","modified_gmt":"2026-03-08T03:27:00","slug":"zaratile-ceca-i-bekuta-ana-izbegava-raznatovicku-isplivali-detalji-raskola","status":"publish","type":"post","link":"https:\/\/chicagodesavanja.us\/en\/vesti\/zaratile-ceca-i-bekuta-ana-izbegava-raznatovicku-isplivali-detalji-raskola\/","title":{"rendered":"Zaratile Ceca i Bekuta: Ana izbegava Ra\u017enatovi\u0107ku, isplivali detalji raskola"},"content":{"rendered":"<p class=\"wp-block-paragraph\">Folk peva\u010dice Svetlana Ceca Ra\u017enatovi\u0107 i Ana Bekuta navodno su u lo\u0161im odnosima, pa na snimanjima muzi\u010dkog takmi\u010denja &#8222;Zvezde Granda&#8220; gotovo i ne komuniciraju.<\/p>\n\n\n\n<p class=\"wp-block-paragraph\">Ceca je poslednjih dana u centru pa\u017enje nakon snimka na kojem je Aleksandra Radovi\u0107 podsetila na period koji je provela u zatvoru, a sada se \u010dini da je peva\u010dica u zategnutim odnosima i sa jo\u0161 jednom koleginicom.<\/p>\n\n\n\n<p class=\"wp-block-paragraph\">Kako prenose mediji, Ceca i Ana na snimanjima se pona\u0161aju &#8222;kao stranci&#8220;.<\/p>\n\n\n\n<p class=\"wp-block-paragraph\">-Atmosfera ume da bude prili\u010dno neprijatna, jer su nekada bile u mnogo boljim odnosima. Danas se pona\u0161aju kao potpuni stranci. Ne sede zajedno tokom pauza, ne razgovaraju i uglavnom se izbegavaju u \u0161irokom luku &#8211; tvrdi izvor prisutan na snimanjima.<\/p>\n\n\n\n<p class=\"wp-block-paragraph\">Navodno, napetost izme\u0111u dve peva\u010dice traje ve\u0107 neko vreme. Iako nijedna od njih javno nije govorila o razlozima nesuglasica, mnogi prime\u0107uju da su njihovi odnosi vidno zahladneli.<\/p>\n\n\n\n<p class=\"wp-block-paragraph\">-Profesionalnost je ostala, to se mora priznati. Kada se kamere uklju\u010de, obe rade svoj posao maksimalno korektno. Me\u0111utim, \u010dim se snimanje zavr\u0161i, svaka ide na svoju stranu &#8211; dodaje sagovornik.<\/p>\n\n\n\n<p class=\"wp-block-paragraph\">U celu situaciju poku\u0161ala je da se ume\u0161a i njihova koleginica iz \u017eirija Sne\u017eana \u0110uri\u0161i\u0107, koja je, kako se pri\u010da, \u017eelela da izgladi odnose izme\u0111u dve peva\u010dice.<\/p>\n\n\n\n<p class=\"wp-block-paragraph\">-Sne\u017eana je zaista poku\u0161ala da ih pomiri. Razgovarala je sa obe i nagovarala ih da sednu i otvoreno porazgovaraju. Ipak, \u010dini se da za sada nijedna nije spremna na taj korak &#8211; tvrdi izvor blizak produkciji za Kurir.<\/p>\n\n\n\n<p class=\"wp-block-paragraph\"><\/p>\n\n\n\n<p class=\"wp-block-paragraph\" style=\"font-size:10px\">SOURCE: <a href=\"https:\/\/informer.rs\/dzet-set\/estrada\/1097012\/ceca-ana-bekuta-svadja\" target=\"_blank\" rel=\"noopener\">INFORMER <\/a>PHOTO: SCREENSHOT<\/p>","protected":false},"excerpt":{"rendered":"<p>Folk peva\u010dice Svetlana Ceca Ra\u017enatovi\u0107 i Ana Bekuta navodno su u lo\u0161im odnosima, pa na snimanjima muzi\u010dkog takmi\u010denja &#8222;Zvezde Granda&#8220; gotovo i ne komuniciraju. Ceca je poslednjih dana u centru pa\u017enje nakon snimka na kojem je Aleksandra Radovi\u0107 podsetila na period koji je provela u zatvoru, a sada se \u010dini da je peva\u010dica u zategnutim [&hellip;]<\/p>\n","protected":false},"author":4,"featured_media":13573,"comment_status":"","ping_status":"","sticky":false,"template":"","format":"standard","meta":{"wpai_generated_summary":"","footnotes":""},"categories":[619,620],"tags":[8844,1424,622,623,624,625,626],"class_list":["post-19715","post","type-post","status-publish","format-standard","has-post-thumbnail","hentry","category-muzika-zabava","category-zabava","tag-ana-bekuta","tag-ceca","tag-estrada","tag-muzika","tag-poznati","tag-srpska-estrada","tag-zabava"],"_links":{"self":[{"href":"https:\/\/chicagodesavanja.us\/en\/wp-json\/wp\/v2\/posts\/19715","targetHints":{"allow":["GET"]}}],"collection":[{"href":"https:\/\/chicagodesavanja.us\/en\/wp-json\/wp\/v2\/posts"}],"about":[{"href":"https:\/\/chicagodesavanja.us\/en\/wp-json\/wp\/v2\/types\/post"}],"author":[{"embeddable":true,"href":"https:\/\/chicagodesavanja.us\/en\/wp-json\/wp\/v2\/users\/4"}],"replies":[{"embeddable":true,"href":"https:\/\/chicagodesavanja.us\/en\/wp-json\/wp\/v2\/comments?post=19715"}],"version-history":[{"count":0,"href":"https:\/\/chicagodesavanja.us\/en\/wp-json\/wp\/v2\/posts\/19715\/revisions"}],"wp:featuredmedia":[{"embeddable":true,"href":"https:\/\/chicagodesavanja.us\/en\/wp-json\/wp\/v2\/media\/13573"}],"wp:attachment":[{"href":"https:\/\/chicagodesavanja.us\/en\/wp-json\/wp\/v2\/media?parent=19715"}],"wp:term":[{"taxonomy":"category","embeddable":true,"href":"https:\/\/chicagodesavanja.us\/en\/wp-json\/wp\/v2\/categories?post=19715"},{"taxonomy":"post_tag","embeddable":true,"href":"https:\/\/chicagodesavanja.us\/en\/wp-json\/wp\/v2\/tags?post=19715"}],"curies":[{"name":"WP","href":"https:\/\/api.w.org\/{rel}","templated":true}]}}