{"id":19646,"date":"2026-03-11T03:55:00","date_gmt":"2026-03-11T03:55:00","guid":{"rendered":"https:\/\/chicagodesavanja.us\/uber-samo-za-zene-u-celoj-americi\/"},"modified":"2026-03-11T03:55:00","modified_gmt":"2026-03-11T03:55:00","slug":"uber-samo-za-zene-u-celoj-americi","status":"publish","type":"post","link":"https:\/\/chicagodesavanja.us\/en\/vesti\/uber-samo-za-zene-u-celoj-americi\/","title":{"rendered":"Uber uvodi opciju \u201eSamo za \u017eene\u201c na nivou cele Amerike: Revolucija u bezbednosti ili diskriminacija?"},"content":{"rendered":"<p class=\"wp-block-paragraph\">Kompanija\u00a0<strong>Uber<\/strong>\u00a0zvani\u010dno je lansirala novu funkciju koja omogu\u0107ava \u017eenama voza\u010dima i putnicama \u0161irom\u00a0<strong>Sad<\/strong>\u00a0da se uparuju isklju\u010divo sa drugim \u017eenama tokom vo\u017enje. Ovaj potez predstavlja zna\u010dajno pro\u0161irenje pilot programa koji je imao za cilj re\u0161avanje sve ve\u0107ih zabrinutosti za bezbednost unutar platforme za deljenje prevoza.<\/p>\n\n\n\n<p class=\"wp-block-paragraph\"><strong>Kako funkcioni\u0161e opcija \u201eWomen Drivers\u201c?<\/strong><\/p>\n\n\n\n<p class=\"wp-block-paragraph\">Nova funkcija, najavljena putem zvani\u010dnog bloga kompanije&nbsp;<strong>Uber<\/strong>, nudi korisnicama nekoliko nivoa prilago\u0111avanja:<\/p>\n\n\n\n<ul class=\"wp-block-list\">\n<li><strong>Direktan zahtev:<\/strong>\u00a0Putnice mogu izabrati opciju\u00a0<strong>Women Drivers<\/strong>\u00a0direktno u aplikaciji. Ukoliko je vreme \u010dekanja predugo, sistem nudi prebacivanje na standardnu vo\u017enju.<\/li>\n\n\n\n<li><strong>Rezervacije unapred:<\/strong>\u00a0Mogu\u0107e je rezervisati vo\u017enju sa \u017eenom voza\u010dem satima ili danima ranije.<\/li>\n\n\n\n<li><strong>Pode\u0161avanje preferencija:<\/strong>\u00a0Korisnice mogu u svojim pode\u0161avanjima ozna\u010diti da preferiraju \u017eene, \u0161to pove\u0107ava \u0161ansu za takav spoj, ali ne nudi stopostotnu garanciju.<\/li>\n\n\n\n<li><strong>Teen nalozi:<\/strong>\u00a0\u010cak i korisnici tinejd\u017eerskih naloga sada imaju mogu\u0107nost da zahtevaju isklju\u010divo \u017eenske voza\u010de.<\/li>\n<\/ul>\n\n\n\n<p class=\"wp-block-paragraph\">Sa druge strane, \u017eene koje voze za&nbsp;<strong>Uber<\/strong>&nbsp;mogu u svakom trenutku uklju\u010diti ili isklju\u010diti opciju koja im \u0161alje zahteve isklju\u010divo od putnica.<\/p>\n\n\n\n<p class=\"wp-block-paragraph\"><strong>Pravne kontroverze i optu\u017ebe za diskriminaciju<\/strong><\/p>\n\n\n\n<p class=\"wp-block-paragraph\">Iako je motivisan bezbedno\u0161\u0107u, ovaj potez prati i talas sudskih sporova. U dr\u017eavi&nbsp;<strong>California<\/strong>, voza\u010di su podneli kolektivnu tu\u017ebu tvrde\u0107i da ova politika diskrimini\u0161e mu\u0161karce i kr\u0161i&nbsp;<strong>Unruh Act<\/strong>, zakon koji zabranjuje polnu diskriminaciju u poslovanju. Tu\u017eba tako\u0111e navodi da ovakva pravila \u201eu\u010dvr\u0161\u0107uju rodne stereotipe da su mu\u0161karci opasniji od \u017eena\u201c.<\/p>\n\n\n\n<p class=\"wp-block-paragraph\">Konkurentska firma&nbsp;<strong>Lyft<\/strong>&nbsp;suo\u010dava se sa sli\u010dnim pravnim izazovima od 2024. godine, kada je uvela sli\u010dnu opciju \u0161irom zemlje. Ipak, pravni stru\u010dnjaci poput&nbsp;<strong>Ann Olivarius<\/strong>&nbsp;smatraju da kompanije imaju jak argument: \u201eSmanjenje rizika od silovanja klijenata je poslovna neophodnost\u201c, izjavila je ona povodom ovih slu\u010dajeva.<\/p>\n\n\n\n<p class=\"wp-block-paragraph\"><strong>Statistika i bezbednosni izazovi<\/strong><\/p>\n\n\n\n<p class=\"wp-block-paragraph\">Sedi\u0161te kompanije u gradu&nbsp;<strong>San Francisco<\/strong>&nbsp;saop\u0161tilo je da \u017eene \u010dine oko jedne petine od ukupnog broja voza\u010da u&nbsp;<strong>U.S.<\/strong>, mada taj odnos varira od grada do grada. Uber se nada da \u0107e opcija&nbsp;<strong>Women Preferences<\/strong>&nbsp;privu\u0107i ve\u0107i broj \u017eena da se priklju\u010de platformi kao voza\u010di, a u kampanju su uklju\u010dene i poznate sportistkinje poput&nbsp;<strong>Alex Morgan<\/strong>&nbsp;i&nbsp;<strong>Jordan Chiles<\/strong>.<\/p>\n\n\n\n<p class=\"wp-block-paragraph\">Podsetimo, u februaru je savezna porota naredila kompaniji&nbsp;<strong>Uber<\/strong>&nbsp;da plati $8.5 miliona \u017eeni iz dr\u017eave&nbsp;<strong>Arizona<\/strong>&nbsp;koja je pre\u017eivela napad od strane voza\u010da 2023. godine. Iako&nbsp;<strong>Uber<\/strong>&nbsp;tvrdi da su voza\u010di nezavisni kontraktori i da firma nije direktno odgovorna za njihove postupke, uveli su bazu podataka sa kompanijom&nbsp;<strong>Lyft<\/strong>&nbsp;kako bi trajno uklonili problemati\u010dne voza\u010de.<\/p>\n\n\n\n<p class=\"wp-block-paragraph\"><strong>Iskustva sa terena<\/strong><\/p>\n\n\n\n<p class=\"wp-block-paragraph\"><strong>Melody Flores<\/strong>, samohrana majka koja vozi za&nbsp;<strong>Uber<\/strong>&nbsp;no\u0107u u gradu&nbsp;<strong>San Francisco<\/strong>, ka\u017ee da joj je ova funkcija promenila \u017eivot. \u201eKao neko ko radi no\u0107ne smene, ose\u0107am se mnogo sigurnije jer sada uglavnom vozim \u017eene koje se vra\u0107aju sa posla u bolnicama ili restoranima\u201c, izjavila je Flores.<\/p>\n\n\n\n<p class=\"wp-block-paragraph\">Me\u0111utim, nisu svi ube\u0111eni u prakti\u010dnost.&nbsp;<strong>Sergio Avedian<\/strong>, vi\u0161i saradnik bloga&nbsp;<strong>The RideShare Guy<\/strong>, skepti\u010dan je zbog malog broja \u017eena koje voze u kasnim satima. \u201ePitanje je da li \u0107e putnica ispred bara \u010dekati dodatnih 20 minuta samo da bi dobila \u017eenu voza\u010da, ili \u0107e joj brzina i cena i dalje biti prioritet\u201c, zaklju\u010duje on.<\/p>\n\n\n\n<p class=\"wp-block-paragraph\" style=\"font-size:10px\">SOURCE: <a href=\"https:\/\/abc7chicago.com\/post\/ubers-women-option-goes-nationwide-us\/18699713\/\" target=\"_blank\" rel=\"noopener\">ABC7CHICAGO<\/a> PHOTO: PEXELS<\/p>","protected":false},"excerpt":{"rendered":"<p>Kompanija\u00a0Uber\u00a0zvani\u010dno je lansirala novu funkciju koja omogu\u0107ava \u017eenama voza\u010dima i putnicama \u0161irom\u00a0SAD\u00a0da se uparuju isklju\u010divo sa drugim \u017eenama tokom vo\u017enje. Ovaj potez predstavlja zna\u010dajno pro\u0161irenje pilot programa koji je imao za cilj re\u0161avanje sve ve\u0107ih zabrinutosti za bezbednost unutar platforme za deljenje prevoza. Kako funkcioni\u0161e opcija \u201eWomen Drivers\u201c? Nova funkcija, najavljena putem zvani\u010dnog bloga kompanije&nbsp;Uber, [&hellip;]<\/p>\n","protected":false},"author":3,"featured_media":13508,"comment_status":"","ping_status":"","sticky":false,"template":"","format":"standard","meta":{"footnotes":""},"categories":[368,369],"tags":[8433,8434,538,5120,7775,8435,8436,8437,8438,8439,8440,4970,2561,8441,8442,8443,8444],"class_list":["post-19646","post","type-post","status-publish","format-standard","has-post-thumbnail","hentry","category-vesti-amerika","category-vesti","tag-8-5-miliona-odsteta","tag-alex-morgan","tag-amerika","tag-bezbednost-u-saobracaju","tag-california","tag-diskriminacija-na-radu","tag-jordan-chiles","tag-lyft","tag-rideshare-guy","tag-san-francisco","tag-transport-putnika","tag-u-s","tag-uber","tag-unruh-act","tag-women-drivers","tag-women-preferences","tag-zenska-prava"],"_links":{"self":[{"href":"https:\/\/chicagodesavanja.us\/en\/wp-json\/wp\/v2\/posts\/19646","targetHints":{"allow":["GET"]}}],"collection":[{"href":"https:\/\/chicagodesavanja.us\/en\/wp-json\/wp\/v2\/posts"}],"about":[{"href":"https:\/\/chicagodesavanja.us\/en\/wp-json\/wp\/v2\/types\/post"}],"author":[{"embeddable":true,"href":"https:\/\/chicagodesavanja.us\/en\/wp-json\/wp\/v2\/users\/3"}],"replies":[{"embeddable":true,"href":"https:\/\/chicagodesavanja.us\/en\/wp-json\/wp\/v2\/comments?post=19646"}],"version-history":[{"count":0,"href":"https:\/\/chicagodesavanja.us\/en\/wp-json\/wp\/v2\/posts\/19646\/revisions"}],"wp:featuredmedia":[{"embeddable":true,"href":"https:\/\/chicagodesavanja.us\/en\/wp-json\/wp\/v2\/media\/13508"}],"wp:attachment":[{"href":"https:\/\/chicagodesavanja.us\/en\/wp-json\/wp\/v2\/media?parent=19646"}],"wp:term":[{"taxonomy":"category","embeddable":true,"href":"https:\/\/chicagodesavanja.us\/en\/wp-json\/wp\/v2\/categories?post=19646"},{"taxonomy":"post_tag","embeddable":true,"href":"https:\/\/chicagodesavanja.us\/en\/wp-json\/wp\/v2\/tags?post=19646"}],"curies":[{"name":"WP","href":"https:\/\/api.w.org\/{rel}","templated":true}]}}