{"id":19583,"date":"2026-03-15T03:10:00","date_gmt":"2026-03-15T03:10:00","guid":{"rendered":"https:\/\/chicagodesavanja.us\/eksplozija-potresla-jevrejsku-skolu-u-amsterdamu-gradonacelnica-tvrdi-napad-je-bio-ciljano-usmeren-na-jevrejsku-zajednicu\/"},"modified":"2026-03-15T03:10:00","modified_gmt":"2026-03-15T03:10:00","slug":"eksplozija-potresla-jevrejsku-skolu-u-amsterdamu-gradonacelnica-tvrdi-napad-je-bio-ciljano-usmeren-na-jevrejsku-zajednicu","status":"publish","type":"post","link":"https:\/\/chicagodesavanja.us\/en\/vesti\/eksplozija-potresla-jevrejsku-skolu-u-amsterdamu-gradonacelnica-tvrdi-napad-je-bio-ciljano-usmeren-na-jevrejsku-zajednicu\/","title":{"rendered":"Eksplozija potresla jevrejsku \u0161kolu u Amsterdamu: Gradona\u010delnica tvrdi \u2013 napad je bio ciljano usmeren na jevrejsku zajednicu"},"content":{"rendered":"<p class=\"wp-block-paragraph\">Sna\u017ena eksplozija potresla je jevrejsku \u0161kolu u Amsterdamu, izazvav\u0161i veliku zabrinutost me\u0111u stanovnicima i jevrejskom zajednicom u Holandiji. <\/p>\n\n\n\n<p class=\"wp-block-paragraph\">Lokalni zvani\u010dnici tvrde da je re\u010d o namernom napadu koji je bio usmeren upravo na ovu versku zajednicu.<\/p>\n\n\n\n<p class=\"wp-block-paragraph\">Eksplozija je o\u0161tetila spolja\u0161nji zid \u0161kole koja se nalazi u \u010detvrti Buitenveldert, delu grada koji se smatra modernim jevrejskim centrom. U tom podru\u010dju nalaze se brojne sinagoge, verske \u0161kole i restorani povezani sa jevrejskom tradicijom.<\/p>\n\n\n\n<p class=\"wp-block-paragraph\">Gradona\u010delnica Femke Halsema o\u0161tro je osudila incident i poru\u010dila da je re\u010d o kukavi\u010dkom napadu usmerenom protiv jevrejske zajednice. Policija je pokrenula intenzivnu istragu i ve\u0107 je do\u0161la do snimaka osobe koja se sumnji\u010di da je aktivirala eksplozivnu napravu.<\/p>\n\n\n\n<p class=\"wp-block-paragraph\">Bezbednosne mere u gradu ve\u0107 su bile poja\u010dane zbog niza antisemitskih incidenata koji su prethodnih dana zabele\u017eeni u regionu. Samo dan ranije eksplozivna naprava izazvala je po\u017ear na ulazu u sinagogu u Rotterdam-u, drugom po veli\u010dini gradu u Holandiji. Policija je u vezi sa tim napadom uhapsila \u010detiri tinejd\u017eera starosti 17, 18 i 19 godina.<\/p>\n\n\n\n<p class=\"wp-block-paragraph\">Sli\u010dan incident dogodio se i u Li\u00e8ge-u u Belgiji, gde je eksplozija pogodila jednu sinagogu, \u0161to su lokalne vlasti tako\u0111e okarakterisale kao antisemitski napad.<\/p>\n\n\n\n<p class=\"wp-block-paragraph\">Holandski premijer Rob Jetten reagovao je porukom da u toj zemlji ne sme biti mesta za antisemitizam i naglasio da je bezbednost jevrejske zajednice prioritet. On je najavio razgovore sa predstavnicima zajednice kako bi se dodatno oja\u010dale mere za\u0161tite.<\/p>\n\n\n\n<p class=\"wp-block-paragraph\">Na incident je reagovao i predsednik Izraela Isaac Herzog, koji je razgovarao sa liderima jevrejske zajednice u Holandiji i izrazio solidarnost Izraela.<\/p>\n\n\n\n<p class=\"wp-block-paragraph\">Analiti\u010dari upozoravaju da su ovi napadi deo \u0161ireg talasa antisemitskog nasilja u Evropi, koji se poja\u010dao tokom aktuelnih geopoliti\u010dkih tenzija i rata izme\u0111u SAD i Irana.<\/p>\n\n\n\n<p class=\"wp-block-paragraph\" style=\"font-size:10px\">SOURCE: <a href=\"https:\/\/edition.cnn.com\/2026\/03\/14\/europe\/amsterdam-jewish-school-explosion-netherlands-hnk-intl\" target=\"_blank\" rel=\"noreferrer noopener\">CNN<\/a>, PHOTO: PIXABAY<\/p>","protected":false},"excerpt":{"rendered":"<p>Sna\u017ena eksplozija potresla je jevrejsku \u0161kolu u Amsterdamu, izazvav\u0161i veliku zabrinutost me\u0111u stanovnicima i jevrejskom zajednicom u Holandiji. Lokalni zvani\u010dnici tvrde da je re\u010d o namernom napadu koji je bio usmeren upravo na ovu versku zajednicu. Eksplozija je o\u0161tetila spolja\u0161nji zid \u0161kole koja se nalazi u \u010detvrti Buitenveldert, delu grada koji se smatra modernim jevrejskim [&hellip;]<\/p>\n","protected":false},"author":1,"featured_media":13436,"comment_status":"","ping_status":"","sticky":false,"template":"","format":"standard","meta":{"footnotes":""},"categories":[431,369],"tags":[8074,8075,8076,8077,433,8078,8079,8080,8081,8082,8083],"class_list":["post-19583","post","type-post","status-publish","format-standard","has-post-thumbnail","hentry","category-svet","category-vesti","tag-antisemitizam-evropa-2026","tag-bezbednost-jevrejske-zajednice-amsterdam","tag-eksplozija-jevrejska-skola-amsterdam","tag-eksplozija-sinagoga-rotterdam","tag-evropa","tag-femke-halsema-izjava-amsterdam","tag-isaac-herzog-podrska-jevrejima","tag-napad-liege-sinagoga-belgija","tag-napad-na-jevrejsku-zajednicu-holandija","tag-napadi-na-sinagoge","tag-rob-jetten-antisemitizam-holandija"],"_links":{"self":[{"href":"https:\/\/chicagodesavanja.us\/en\/wp-json\/wp\/v2\/posts\/19583","targetHints":{"allow":["GET"]}}],"collection":[{"href":"https:\/\/chicagodesavanja.us\/en\/wp-json\/wp\/v2\/posts"}],"about":[{"href":"https:\/\/chicagodesavanja.us\/en\/wp-json\/wp\/v2\/types\/post"}],"author":[{"embeddable":true,"href":"https:\/\/chicagodesavanja.us\/en\/wp-json\/wp\/v2\/users\/1"}],"replies":[{"embeddable":true,"href":"https:\/\/chicagodesavanja.us\/en\/wp-json\/wp\/v2\/comments?post=19583"}],"version-history":[{"count":0,"href":"https:\/\/chicagodesavanja.us\/en\/wp-json\/wp\/v2\/posts\/19583\/revisions"}],"wp:featuredmedia":[{"embeddable":true,"href":"https:\/\/chicagodesavanja.us\/en\/wp-json\/wp\/v2\/media\/13436"}],"wp:attachment":[{"href":"https:\/\/chicagodesavanja.us\/en\/wp-json\/wp\/v2\/media?parent=19583"}],"wp:term":[{"taxonomy":"category","embeddable":true,"href":"https:\/\/chicagodesavanja.us\/en\/wp-json\/wp\/v2\/categories?post=19583"},{"taxonomy":"post_tag","embeddable":true,"href":"https:\/\/chicagodesavanja.us\/en\/wp-json\/wp\/v2\/tags?post=19583"}],"curies":[{"name":"WP","href":"https:\/\/api.w.org\/{rel}","templated":true}]}}