{"id":19397,"date":"2026-03-24T03:23:00","date_gmt":"2026-03-24T03:23:00","guid":{"rendered":"https:\/\/chicagodesavanja.us\/odrzana-svetska-premijera-filma-yugo-ide-u-ameriku-u-kopenhagenu\/"},"modified":"2026-03-24T03:23:00","modified_gmt":"2026-03-24T03:23:00","slug":"odrzana-svetska-premijera-filma-yugo-ide-u-ameriku-u-kopenhagenu","status":"publish","type":"post","link":"https:\/\/chicagodesavanja.us\/en\/vesti\/odrzana-svetska-premijera-filma-yugo-ide-u-ameriku-u-kopenhagenu\/","title":{"rendered":"Odr\u017eana svetska premijera filma &#8222;Yugo ide u Ameriku&#8220; u Kopenhagenu"},"content":{"rendered":"<p class=\"wp-block-paragraph\">Dokumentarni film \u201eYugo ide u Ameriku\u201c reditelja i autora Filipa Gruji\u0107a i Alekse Borkovi\u0107a imao je svetsku premijeru u okviru programa presti\u017enog festivala CPH:DOX u Kopenhagenu.<\/p>\n\n\n\n<p class=\"wp-block-paragraph\">Film je prikazan u selekciji Special Premiers, u okviru koje su ranije svoje radove predstavili neki od najzna\u010dajnijih savremenih svetskih autora, navodi se u saop\u0161tenju povodom premijere filma.<\/p>\n\n\n\n<p class=\"wp-block-paragraph\">\u201cImali smo razna scenarija u glavi kako \u0107e pro\u0107i premijerni susret&nbsp;<em>Juga&nbsp;<\/em>s publikom, ali zaista nismo o\u010dekivali da \u0107emo se vratiti ku\u0107i sa \u010detiri rasprodate projekcije na festivalu s mno\u0161tvom sjajnih filmova. Ne mo\u017eemo da do\u010dekamo da dovedemo juga i pred doma\u0107u publiku\u201d, izjavili su autori filma.&nbsp;<\/p>\n\n\n\n<p class=\"wp-block-paragraph\">Film \u201eYugo ide u Ameriku\u201c prati grupu milenijalaca iz Srbije, koji kre\u0107u na putovanje kroz Sjedinjene Dr\u017eave u najupe\u010datljivijem automobilu sa ovih prostora Yugu &#8211; kultnom jugoslovenskom automobilu nekada ismevanom kao \u201enajgori u istoriji\u201c.<\/p>\n\n\n\n<p class=\"wp-block-paragraph\">U filmu se pojavljuju: Filip Gruji\u0107, Aleksa Borkovi\u0107, Aleksandar Bla\u017ei\u0107, Ivana Finci, Carlos Ayala, Russell Chave, Lazar Markovi\u0107, Janko Kro\u010dek, Vanja Kro\u010dek, Tony Ciminera, Nick Bygrave, Malcolm Bricklin, Alen Rizvanovi\u0107, Hasan Kapi\u0107, Miroslav Kefurt, Sabrina Plaisance-Sia, Jason Vuic i Slavi\u0161a Gruji\u0107. Autorski tim \u010dine direktor fotografije&nbsp;Aleksa Borkovi\u0107, scenarista&nbsp;Filip Gruji\u0107, producentkinja&nbsp;\u010carna Vu\u010dini\u0107, ko-producentkinja&nbsp;Vanja Jambrovi\u0107, monta\u017eerka&nbsp;Kristina Todorovi\u0107, dizajner i mikser zvuka&nbsp;Tihomir Vrbanec,&nbsp;kompozitor&nbsp;Bo\u0161ko Miju\u0161kovi\u0107, dok su snimatelji zvuka bili&nbsp;Ivana Finci&nbsp;i&nbsp;Aleksandar Bla\u017ei\u0107. Producent filma je&nbsp;porodica \u0160olak i United Media Grupa.<\/p>\n\n\n\n<p class=\"wp-block-paragraph\">Filip Gruji\u0107&nbsp;je nagra\u0111ivani pisac, dramaturg i reditelj, autor tri zapa\u017eena romana i dobitnik brojnih priznanja za dramsko stvarala\u0161tvo, uklju\u010duju\u0107i Sterijinu nagradu i nagradu \u201eMihiz\u201c.<\/p>\n\n\n\n<p class=\"wp-block-paragraph\">Aleksa Borkovi\u0107&nbsp;je reditelj i direktor fotografije. Re\u017eirao je kratki film \u201e\u010cekaj me ovde\u201c<em>,&nbsp;<\/em>koji je premijerno prikazan na Sarajevo Film Festivalu, dok je kao snimatelj radio na brojnim me\u0111unarodnim projektima i umetni\u010dkim produkcijama. \u201eYugo ide u Ameriku\u201c je Filipov i Aleksin dugometra\u017eni rediteljski debi.<\/p>\n\n\n\n<p class=\"wp-block-paragraph\">Projekat&nbsp;je nastao&nbsp;u ko-produkciji United Media-e, porodice \u0160olak, te filmske ku\u0107e Naked iz Beograda i zagreba\u010dke produkcije Restart. Projekat je nastao uz podr\u0161ku fonda Eurimages, Filmskog centra Srbije, Hrvatskog audiovizualnog centra i United Media Grupe.<\/p>\n\n\n\n<figure class=\"wp-block-embed is-type-video is-provider-youtube wp-block-embed-youtube wp-embed-aspect-16-9 wp-has-aspect-ratio\"><div class=\"wp-block-embed__wrapper\">\n<iframe loading=\"lazy\" title=\"Yugo Goes to America (Trailer)\" width=\"500\" height=\"281\" src=\"https:\/\/www.youtube.com\/embed\/PNd80ah6JZo?feature=oembed\" frameborder=\"0\" allow=\"accelerometer; autoplay; clipboard-write; encrypted-media; gyroscope; picture-in-picture; web-share\" referrerpolicy=\"strict-origin-when-cross-origin\" allowfullscreen><\/iframe>\n<\/div><\/figure>\n\n\n\n<p class=\"wp-block-paragraph\" style=\"font-size:10px\">SOURCE: <a href=\"https:\/\/n1info.rs\/magazin\/showbiz\/odrzana-svetska-premijera-filma-yugo-ide-u-ameriku-u-kopenhagenu\/\" target=\"_blank\" rel=\"noopener\">N1<\/a> PHOTO: SCREENSHOT<\/p>","protected":false},"excerpt":{"rendered":"<p>Dokumentarni film \u201eYugo ide u Ameriku\u201c reditelja i autora Filipa Gruji\u0107a i Alekse Borkovi\u0107a imao je svetsku premijeru u okviru programa presti\u017enog festivala CPH:DOX u Kopenhagenu. Film je prikazan u selekciji Special Premiers, u okviru koje su ranije svoje radove predstavili neki od najzna\u010dajnijih savremenih svetskih autora, navodi se u saop\u0161tenju povodom premijere filma. \u201cImali [&hellip;]<\/p>\n","protected":false},"author":4,"featured_media":13288,"comment_status":"","ping_status":"","sticky":false,"template":"","format":"standard","meta":{"wpai_generated_summary":"","footnotes":""},"categories":[828,620],"tags":[7110,7111],"class_list":["post-19397","post","type-post","status-publish","format-standard","has-post-thumbnail","hentry","category-film","category-zabava","tag-dokumentarni-film","tag-yugo-ide-u-ameriku"],"_links":{"self":[{"href":"https:\/\/chicagodesavanja.us\/en\/wp-json\/wp\/v2\/posts\/19397","targetHints":{"allow":["GET"]}}],"collection":[{"href":"https:\/\/chicagodesavanja.us\/en\/wp-json\/wp\/v2\/posts"}],"about":[{"href":"https:\/\/chicagodesavanja.us\/en\/wp-json\/wp\/v2\/types\/post"}],"author":[{"embeddable":true,"href":"https:\/\/chicagodesavanja.us\/en\/wp-json\/wp\/v2\/users\/4"}],"replies":[{"embeddable":true,"href":"https:\/\/chicagodesavanja.us\/en\/wp-json\/wp\/v2\/comments?post=19397"}],"version-history":[{"count":0,"href":"https:\/\/chicagodesavanja.us\/en\/wp-json\/wp\/v2\/posts\/19397\/revisions"}],"wp:featuredmedia":[{"embeddable":true,"href":"https:\/\/chicagodesavanja.us\/en\/wp-json\/wp\/v2\/media\/13288"}],"wp:attachment":[{"href":"https:\/\/chicagodesavanja.us\/en\/wp-json\/wp\/v2\/media?parent=19397"}],"wp:term":[{"taxonomy":"category","embeddable":true,"href":"https:\/\/chicagodesavanja.us\/en\/wp-json\/wp\/v2\/categories?post=19397"},{"taxonomy":"post_tag","embeddable":true,"href":"https:\/\/chicagodesavanja.us\/en\/wp-json\/wp\/v2\/tags?post=19397"}],"curies":[{"name":"WP","href":"https:\/\/api.w.org\/{rel}","templated":true}]}}