{"id":19383,"date":"2026-03-25T03:10:00","date_gmt":"2026-03-25T03:10:00","guid":{"rendered":"https:\/\/chicagodesavanja.us\/bmw-najavljuje-elektricni-i-benzinski-modeli-izjednaceni-do-2030-stize-nova-era-automobila\/"},"modified":"2026-03-25T03:10:00","modified_gmt":"2026-03-25T03:10:00","slug":"bmw-najavljuje-elektricni-i-benzinski-modeli-izjednaceni-do-2030-stize-nova-era-automobila","status":"publish","type":"post","link":"https:\/\/chicagodesavanja.us\/en\/vesti\/bmw-najavljuje-elektricni-i-benzinski-modeli-izjednaceni-do-2030-stize-nova-era-automobila\/","title":{"rendered":"BMW najavljuje: Elektri\u010dni i benzinski modeli izjedna\u010deni do 2030 \u2013 Sti\u017ee nova era automobila"},"content":{"rendered":"<p class=\"wp-block-paragraph\">Nema\u010dki automobilski gigant BMW najavio je ambiciozan plan koji bi mogao potpuno da promeni tr\u017ei\u0161te \u2013 cilj je da do 2030. godine prodaja elektri\u010dnih i klasi\u010dnih automobila bude izjedna\u010dena. <\/p>\n\n\n\n<p class=\"wp-block-paragraph\">Ova strategija dolazi u trenutku kada mnogi proizvo\u0111a\u010di odustaju od potpune elektrifikacije, ali BMW ostaje dosledan svom \u201evi\u0161epogonskom\u201c pristupu.<\/p>\n\n\n\n<p class=\"wp-block-paragraph\">Za razliku od konkurencije, kompanija veruje da jedno re\u0161enje ne odgovara svim tr\u017ei\u0161tima, pa \u0107e benzinski i dizel motori ostati deo ponude jo\u0161 neko vreme. Ipak, fokus na elektri\u010dna vozila je sve ja\u010di, \u0161to potvr\u0111uje ulaganje ve\u0107e od 10 milijardi evra u razvoj nove generacije automobila pod nazivom Neue Klasse.<\/p>\n\n\n\n<p class=\"wp-block-paragraph\">Ova investicija obuhvata napredne baterije, proizvodne pogone i novi infotainment sistem iDrive, ali i potpuno novu liniju elektri\u010dnih modela. Cilj je da elektri\u010dni automobili do kraja decenije \u010dine oko 50% ukupne prodaje brendova BMW, Mini i Rolls-Royce.<\/p>\n\n\n\n<p class=\"wp-block-paragraph\">Ve\u0107 sada rezultati pokazuju rast \u2013 elektri\u010dni modeli \u010dinili su 17,9% ukupnih isporuka pro\u0161le godine. Posebnu pa\u017enju privla\u010di novi BMW iX3 iz 2026, koji je ve\u0107 prikupio vi\u0161e od 50.000 porud\u017ebina.<\/p>\n\n\n\n<p class=\"wp-block-paragraph\">U planu su i novi modeli poput BMW i3, kao i ve\u0107i SUV-ovi BMW iX5 i BMW iX7. Pored toga, fabrika u Spartanburgu u SAD proizvodi\u0107e najmanje \u0161est elektri\u010dnih SUV vozila do kraja decenije.<\/p>\n\n\n\n<p class=\"wp-block-paragraph\">BMW razmatra i pristupa\u010dnije opcije, uklju\u010duju\u0107i potencijalne modele i1 i i2, \u010dime bi elektri\u010dni automobili postali dostupniji \u0161iroj publici.<\/p>\n\n\n\n<p class=\"wp-block-paragraph\">Ako se planovi ostvare, BMW bi mogao postati lider u balansiranju izme\u0111u tradicionalnih i elektri\u010dnih vozila, otvaraju\u0107i novu eru mobilnosti.<\/p>\n\n\n\n<p class=\"wp-block-paragraph\" style=\"font-size:10px\">SOURCE: <a href=\"https:\/\/www.b92.net\/automobili\/aktuelno\/216384\/bmw-zeli-da-do-2030-izjednaci-prodaju-elektricnih-i-benzinskih-automobila\/vest\" target=\"_blank\" rel=\"noreferrer noopener\">B92<\/a>, PHOTO: PIXABAY<\/p>","protected":false},"excerpt":{"rendered":"<p>Nema\u010dki automobilski gigant BMW najavio je ambiciozan plan koji bi mogao potpuno da promeni tr\u017ei\u0161te \u2013 cilj je da do 2030. godine prodaja elektri\u010dnih i klasi\u010dnih automobila bude izjedna\u010dena. Ova strategija dolazi u trenutku kada mnogi proizvo\u0111a\u010di odustaju od potpune elektrifikacije, ali BMW ostaje dosledan svom \u201evi\u0161epogonskom\u201c pristupu. Za razliku od konkurencije, kompanija veruje da [&hellip;]<\/p>\n","protected":false},"author":1,"featured_media":13351,"comment_status":"","ping_status":"","sticky":false,"template":"","format":"standard","meta":{"wpai_generated_summary":"","footnotes":""},"categories":[721],"tags":[7010,5135,7011,7012,7013,7014,7015,7016,7017,7018,7019,7020],"class_list":["post-19383","post","type-post","status-publish","format-standard","has-post-thumbnail","hentry","category-tech","tag-auto-industrija-trendovi","tag-automobili","tag-bmw","tag-bmw-i3","tag-bmw-investicije","tag-bmw-ix3-2026","tag-bmw-plan-2030","tag-elektricni-automobili","tag-elektricni-suv-bmw","tag-elektrifikacija-automobila","tag-ev-trziste","tag-neue-klasse"],"_links":{"self":[{"href":"https:\/\/chicagodesavanja.us\/en\/wp-json\/wp\/v2\/posts\/19383","targetHints":{"allow":["GET"]}}],"collection":[{"href":"https:\/\/chicagodesavanja.us\/en\/wp-json\/wp\/v2\/posts"}],"about":[{"href":"https:\/\/chicagodesavanja.us\/en\/wp-json\/wp\/v2\/types\/post"}],"author":[{"embeddable":true,"href":"https:\/\/chicagodesavanja.us\/en\/wp-json\/wp\/v2\/users\/1"}],"replies":[{"embeddable":true,"href":"https:\/\/chicagodesavanja.us\/en\/wp-json\/wp\/v2\/comments?post=19383"}],"version-history":[{"count":0,"href":"https:\/\/chicagodesavanja.us\/en\/wp-json\/wp\/v2\/posts\/19383\/revisions"}],"wp:featuredmedia":[{"embeddable":true,"href":"https:\/\/chicagodesavanja.us\/en\/wp-json\/wp\/v2\/media\/13351"}],"wp:attachment":[{"href":"https:\/\/chicagodesavanja.us\/en\/wp-json\/wp\/v2\/media?parent=19383"}],"wp:term":[{"taxonomy":"category","embeddable":true,"href":"https:\/\/chicagodesavanja.us\/en\/wp-json\/wp\/v2\/categories?post=19383"},{"taxonomy":"post_tag","embeddable":true,"href":"https:\/\/chicagodesavanja.us\/en\/wp-json\/wp\/v2\/tags?post=19383"}],"curies":[{"name":"WP","href":"https:\/\/api.w.org\/{rel}","templated":true}]}}