{"id":19358,"date":"2026-03-26T03:13:00","date_gmt":"2026-03-26T03:13:00","guid":{"rendered":"https:\/\/chicagodesavanja.us\/amidzic-ispunio-veliku-zelju-u-novoj-pesmi-flamingosa-cuje-se-glas-marinka-madzgalja-video\/"},"modified":"2026-03-26T03:13:00","modified_gmt":"2026-03-26T03:13:00","slug":"amidzic-ispunio-veliku-zelju-u-novoj-pesmi-flamingosa-cuje-se-glas-marinka-madzgalja-video","status":"publish","type":"post","link":"https:\/\/chicagodesavanja.us\/en\/vesti\/amidzic-ispunio-veliku-zelju-u-novoj-pesmi-flamingosa-cuje-se-glas-marinka-madzgalja-video\/","title":{"rendered":"Amid\u017ei\u0107 ispunio veliku \u017eelju: U novoj pesmi Flamingosa \u010duje se glas Marinka Mad\u017egalja (VIDEO)"},"content":{"rendered":"<p class=\"wp-block-paragraph\">Decenija od smrti glumca Marinka Mad\u017egalja obele\u017eava se 26. marta, a tim povodom voditelj Ognjen Amid\u017ei\u0107 izdao je pesmu u znak se\u0107anja na prijatelja i kolegu sa kojim je osnovao bend &#8222;Flamingosi&#8220;.<\/p>\n\n\n\n<figure class=\"wp-block-embed is-type-video is-provider-youtube wp-block-embed-youtube wp-embed-aspect-16-9 wp-has-aspect-ratio\"><div class=\"wp-block-embed__wrapper\">\n<iframe loading=\"lazy\" title=\"FLAMINGOSI - ZBOG NJE (OFFICIAL VIDEO)\" width=\"500\" height=\"281\" src=\"https:\/\/www.youtube.com\/embed\/AWRu5C5Dm7M?feature=oembed\" frameborder=\"0\" allow=\"accelerometer; autoplay; clipboard-write; encrypted-media; gyroscope; picture-in-picture; web-share\" referrerpolicy=\"strict-origin-when-cross-origin\" allowfullscreen><\/iframe>\n<\/div><\/figure>\n\n\n\n<p class=\"wp-block-paragraph\">U novoj pesmi grupe &#8222;Flamingosi&#8220; pod nazivom &#8222;Zbog nje&#8220;, \u010duje se i glas pokojnog Marinka Mad\u017egalja, zahvlajuju\u0107i savremenoj tehnologiji, \u0161to je posebno dirnulo publiku.<\/p>\n\n\n\n<p class=\"wp-block-paragraph\">&#8222;Za na\u0161eg Marinka&#8220;, poru\u010dio je Ognjen nakon premijere pesme i spota na YouTube-u.<\/p>\n\n\n\n<p class=\"wp-block-paragraph\">Muziku i tekst potpisuje Amid\u017ei\u0107, dok je aran\u017eman radio Marko Kon. Ognjen je, sem pesme, poslednju emisiju &#8222;Amid\u017ei \u0161ou&#8220;, koja je emitovana na televiziji Pink, posvetio upravo Marinku, sa \u010dijom se smr\u0107u ne miri.<\/p>\n\n\n\n<p class=\"wp-block-paragraph\">-On nas je napustio u ovomzemaljskom obliku pre 10 godina, pre 10 godina je iza\u0161la poslednja pesma &#8222;Flamingosa&#8220;. Ova emisija je moja \u017eelja, da se posveti Marinku &#8211; rekao je Ognjen, koji je pro\u0161le godine priznao da mu je velika \u017eelja da pokojnom drugu posveti pesmu, \u0161to je sada i u\u010dinio.<\/p>\n\n\n\n<p class=\"wp-block-paragraph\">Podse\u0107anja radi, Flamingosi su tokom karijere nizali brojne hitove, me\u0111u kojima se izdvajaju &#8222;Obala&#8220; i &#8222;Ludi letnji ples&#8220;, kao i dueti sa Eminom Jahovi\u0107 &#8222;La gitana&#8220; i Karolinom Go\u010devom &#8222;Ti i ja&#8220;.<\/p>\n\n\n\n<p class=\"wp-block-paragraph\">Marinko Mad\u017egalj preminuo je 2016. godine, nakon borbe sa te\u0161kom bole\u0161\u0107u.<\/p>\n\n\n\n<p class=\"wp-block-paragraph\"><\/p>\n\n\n\n<p class=\"wp-block-paragraph\" style=\"font-size:10px\">SOURCE: <a href=\"https:\/\/informer.rs\/dzet-set\/estrada\/1102045\/ognjen-amidzic-marinko-madzgalj-flamingosi-pesma\" target=\"_blank\" rel=\"noopener\">INFORMER<\/a> PHOTO: SCREENSHOT<\/p>","protected":false},"excerpt":{"rendered":"<p>Decenija od smrti glumca Marinka Mad\u017egalja obele\u017eava se 26. marta, a tim povodom voditelj Ognjen Amid\u017ei\u0107 izdao je pesmu u znak se\u0107anja na prijatelja i kolegu sa kojim je osnovao bend &#8222;Flamingosi&#8220;. U novoj pesmi grupe &#8222;Flamingosi&#8220; pod nazivom &#8222;Zbog nje&#8220;, \u010duje se i glas pokojnog Marinka Mad\u017egalja, zahvlajuju\u0107i savremenoj tehnologiji, \u0161to je posebno dirnulo [&hellip;]<\/p>\n","protected":false},"author":4,"featured_media":13259,"comment_status":"","ping_status":"","sticky":false,"template":"","format":"standard","meta":{"wpai_generated_summary":"","footnotes":""},"categories":[619,620],"tags":[622,6883,6721,623,6884,624,625,626],"class_list":["post-19358","post","type-post","status-publish","format-standard","has-post-thumbnail","hentry","category-muzika-zabava","category-zabava","tag-estrada","tag-flamingosi","tag-marinko-madzgalj-2","tag-muzika","tag-ognjen-amidzic","tag-poznati","tag-srpska-estrada","tag-zabava"],"_links":{"self":[{"href":"https:\/\/chicagodesavanja.us\/en\/wp-json\/wp\/v2\/posts\/19358","targetHints":{"allow":["GET"]}}],"collection":[{"href":"https:\/\/chicagodesavanja.us\/en\/wp-json\/wp\/v2\/posts"}],"about":[{"href":"https:\/\/chicagodesavanja.us\/en\/wp-json\/wp\/v2\/types\/post"}],"author":[{"embeddable":true,"href":"https:\/\/chicagodesavanja.us\/en\/wp-json\/wp\/v2\/users\/4"}],"replies":[{"embeddable":true,"href":"https:\/\/chicagodesavanja.us\/en\/wp-json\/wp\/v2\/comments?post=19358"}],"version-history":[{"count":0,"href":"https:\/\/chicagodesavanja.us\/en\/wp-json\/wp\/v2\/posts\/19358\/revisions"}],"wp:featuredmedia":[{"embeddable":true,"href":"https:\/\/chicagodesavanja.us\/en\/wp-json\/wp\/v2\/media\/13259"}],"wp:attachment":[{"href":"https:\/\/chicagodesavanja.us\/en\/wp-json\/wp\/v2\/media?parent=19358"}],"wp:term":[{"taxonomy":"category","embeddable":true,"href":"https:\/\/chicagodesavanja.us\/en\/wp-json\/wp\/v2\/categories?post=19358"},{"taxonomy":"post_tag","embeddable":true,"href":"https:\/\/chicagodesavanja.us\/en\/wp-json\/wp\/v2\/tags?post=19358"}],"curies":[{"name":"WP","href":"https:\/\/api.w.org\/{rel}","templated":true}]}}