{"id":19357,"date":"2026-03-26T03:19:00","date_gmt":"2026-03-26T03:19:00","guid":{"rendered":"https:\/\/chicagodesavanja.us\/datum-uskrsa-se-svake-godine-menja\/"},"modified":"2026-03-26T03:19:00","modified_gmt":"2026-03-26T03:19:00","slug":"datum-uskrsa-se-svake-godine-menja","status":"publish","type":"post","link":"https:\/\/chicagodesavanja.us\/en\/vesti\/datum-uskrsa-se-svake-godine-menja\/","title":{"rendered":"Za\u0161to se datum Uskrsa svake godine menja?\u00a0"},"content":{"rendered":"<p class=\"wp-block-paragraph\">Uskrs se ubraja me\u0111u najzna\u010dajnije hri\u0161\u0107anske praznike, ali i me\u0111u one \u010diji datum svake godine varira, \u0161to \u010desto izaziva nedoumice. Iako se uvek obele\u017eava u nedelju, njegovo odre\u0111ivanje zasniva se na spoju crkvenih pravila, astronomskih principa i dugogodi\u0161nje tradicije.<\/p>\n\n\n\n<p class=\"wp-block-paragraph\">Osnov za izra\u010dunavanje datuma poti\u010de jo\u0161 iz 325. godine i Prvog vaseljenskog sabora u Nikeji. Tada je utvr\u0111eno da se Uskrs slavi prve nedelje nakon punog meseca koji nastupa posle prole\u0107ne ravnodnevnice.<\/p>\n\n\n\n<figure class=\"wp-block-embed is-type-video is-provider-youtube wp-block-embed-youtube wp-embed-aspect-16-9 wp-has-aspect-ratio\"><div class=\"wp-block-embed__wrapper\">\n<iframe loading=\"lazy\" title=\"\u0160ta Nama Zna\u010di Vaskrs? - Monah Arsenije\" width=\"500\" height=\"281\" src=\"https:\/\/www.youtube.com\/embed\/JZ_pe7ipi0w?feature=oembed\" frameborder=\"0\" allow=\"accelerometer; autoplay; clipboard-write; encrypted-media; gyroscope; picture-in-picture; web-share\" referrerpolicy=\"strict-origin-when-cross-origin\" allowfullscreen><\/iframe>\n<\/div><\/figure>\n\n\n\n<p class=\"wp-block-paragraph\"><\/p>\n\n\n\n<p class=\"wp-block-paragraph\">Me\u0111utim, u praksi se ne prati stvarni polo\u017eaj Meseca, ve\u0107 crkveni kalendar sa unapred definisanim tabelama. Zbog toga dolazi do odstupanja izme\u0111u astronomskog i tzv. crkvenog punog meseca, koje ponekad iznosi i nekoliko dana. Ta razlika mo\u017ee uticati na pomeranje datuma praznika, \u010dak i za \u010ditavu nedelju.<\/p>\n\n\n\n<p class=\"wp-block-paragraph\">Dodatni faktor predstavlja veza sa jevrejskom Pashom. U pravoslavnoj tradiciji Uskrs se ne obele\u017eava pre tog praznika, \u010dime se odr\u017eava simboli\u010dki sled doga\u0111aja iz hri\u0161\u0107anske istorije.<\/p>\n\n\n\n<p class=\"wp-block-paragraph\">Kao referentni datum uzima se 21. mart, koji se u crkvenom ra\u010dunanju smatra danom prole\u0107ne ravnodnevnice, bez obzira na stvarna astronomska odstupanja. Nakon tog datuma odre\u0111uje se prvi pun mesec, a potom i prva naredna nedelja kao dan Uskrsa.<\/p>\n\n\n\n<p class=\"wp-block-paragraph\">Razlike izme\u0111u pravoslavnog i katoli\u010dkog Uskrsa posledica su razli\u010ditih kalendara i metoda ra\u010dunanja. Tako se ovi praznici \u010desto ne poklapaju. Na primer, 2026. godine katoli\u010dki Uskrs pada 5. aprila, dok se pravoslavni obele\u017eava 12. aprila.<\/p>\n\n\n\n<p class=\"wp-block-paragraph\">Ipak, zna\u010daj Uskrsa prevazilazi samo pitanje datuma. Re\u010d je o prazniku koji simbolizuje Hristovo vaskrsenje i pobedu \u017eivota nad smr\u0107u. Obilje\u017eavanje po\u010dinje na Veliki petak, dan se\u0107anja na raspe\u0107e, i nastavlja se kroz naredne prazni\u010dne dane.<\/p>\n\n\n\n<p class=\"wp-block-paragraph\">Jedan od najrasprostranjenijih obi\u010daja jeste farbanje jaja, koje se naj\u010de\u0161\u0107e obavlja na Veliki petak ili dan ranije. Crvena boja ima posebno zna\u010denje, jer simbolizuje Hristovu \u017ertvu.<\/p>\n\n\n\n<p class=\"wp-block-paragraph\">Prvo ofarbano jaje, poznato kao \u201e\u010duvarku\u0107a\u201c, \u010duva se tokom cele godine kao simbol za\u0161tite doma i porodice.<\/p>\n\n\n\n<p class=\"wp-block-paragraph\">Sam dan Uskrsa donosi posebnu atmosferu, naro\u010dito me\u0111u najmla\u0111ima. U mnogim porodicama neguje se obi\u010daj darivanja, dok okupljanje za prazni\u010dnom trpezom predstavlja centralni deo proslave. Tradicionalno kucanje jajima dodatno unosi vedrinu i takmi\u010darski duh.<\/p>\n\n\n\n<p class=\"wp-block-paragraph\">Prazni\u010dni ambijent upotpunjuju dekoracije poput \u0161arenih jaja, ze\u010deva i prole\u0107nih motiva, koji stvaraju toplu i sve\u010danu atmosferu.<\/p>\n\n\n\n<p class=\"wp-block-paragraph\">U pravoslavnoj tradiciji,\u00a0Uskrs\u00a0je i vreme zajedni\u0161tva. Vernici prisustvuju liturgiji i pozdravljaju se re\u010dima \u201eHristos vaskrse\u201c i \u201eVaistinu vaskrse\u201c, nakon \u010dega sledi porodi\u010dno okupljanje i slavlje.<\/p>\n\n\n\n<p class=\"wp-block-paragraph\">U pojedinim dr\u017eavama Uskrs ima i status zvani\u010dnog praznika. Obilje\u017eava se kao neradni dan u zemljama poput Albanije, Bosne i Hercegovine (Republika Srpska), Bugarske, Kipra, Gr\u010dke, Rumunije i Ukrajine, dok u nekim pravoslavnim dr\u017eavama, kao \u0161to su Rusija i Belorusija, nema formalni status praznika, ali se \u0161iroko obele\u017eava.<\/p>\n\n\n\n<p class=\"wp-block-paragraph\">Bez obzira na datum, Uskrs ostaje praznik koji objedinjuje veru, tradiciju i porodicu.<\/p>\n\n\n\n<p class=\"wp-block-paragraph\" style=\"font-size:10px\">SOURCE: <a href=\"https:\/\/24sedam.rs\/drustvo\/vesti\/449636\/zasto-se-datum-uskrsa-svake-godine-menja-ovo-je-razlog\/vest\" target=\"_blank\" rel=\"noopener\">24SEDAM<\/a> Photo: UNSPLASH<\/p>","protected":false},"excerpt":{"rendered":"<p>Uskrs se ubraja me\u0111u najzna\u010dajnije hri\u0161\u0107anske praznike, ali i me\u0111u one \u010diji datum svake godine varira, \u0161to \u010desto izaziva nedoumice. Iako se uvek obele\u017eava u nedelju, njegovo odre\u0111ivanje zasniva se na spoju crkvenih pravila, astronomskih principa i dugogodi\u0161nje tradicije. Osnov za izra\u010dunavanje datuma poti\u010de jo\u0161 iz 325. godine i Prvog vaseljenskog sabora u Nikeji. Tada [&hellip;]<\/p>\n","protected":false},"author":3,"featured_media":13241,"comment_status":"","ping_status":"","sticky":false,"template":"","format":"standard","meta":{"wpai_generated_summary":"","footnotes":""},"categories":[1130],"tags":[5095,6880,1148,4990,6881,4991,6882],"class_list":["post-19357","post","type-post","status-publish","format-standard","has-post-thumbnail","hentry","category-tradicija","tag-hriscani","tag-promena-datuma","tag-tradicija","tag-uskrs","tag-uskrs-promena-datuma","tag-vaskrs","tag-vera"],"_links":{"self":[{"href":"https:\/\/chicagodesavanja.us\/en\/wp-json\/wp\/v2\/posts\/19357","targetHints":{"allow":["GET"]}}],"collection":[{"href":"https:\/\/chicagodesavanja.us\/en\/wp-json\/wp\/v2\/posts"}],"about":[{"href":"https:\/\/chicagodesavanja.us\/en\/wp-json\/wp\/v2\/types\/post"}],"author":[{"embeddable":true,"href":"https:\/\/chicagodesavanja.us\/en\/wp-json\/wp\/v2\/users\/3"}],"replies":[{"embeddable":true,"href":"https:\/\/chicagodesavanja.us\/en\/wp-json\/wp\/v2\/comments?post=19357"}],"version-history":[{"count":0,"href":"https:\/\/chicagodesavanja.us\/en\/wp-json\/wp\/v2\/posts\/19357\/revisions"}],"wp:featuredmedia":[{"embeddable":true,"href":"https:\/\/chicagodesavanja.us\/en\/wp-json\/wp\/v2\/media\/13241"}],"wp:attachment":[{"href":"https:\/\/chicagodesavanja.us\/en\/wp-json\/wp\/v2\/media?parent=19357"}],"wp:term":[{"taxonomy":"category","embeddable":true,"href":"https:\/\/chicagodesavanja.us\/en\/wp-json\/wp\/v2\/categories?post=19357"},{"taxonomy":"post_tag","embeddable":true,"href":"https:\/\/chicagodesavanja.us\/en\/wp-json\/wp\/v2\/tags?post=19357"}],"curies":[{"name":"WP","href":"https:\/\/api.w.org\/{rel}","templated":true}]}}