{"id":19353,"date":"2026-03-26T03:22:00","date_gmt":"2026-03-26T03:22:00","guid":{"rendered":"https:\/\/chicagodesavanja.us\/tu-je-nazalost-ana-nikolic-se-vratila-u-stan-posle-renoviranja-komsije-ocajne\/"},"modified":"2026-03-26T03:22:00","modified_gmt":"2026-03-26T03:22:00","slug":"tu-je-nazalost-ana-nikolic-se-vratila-u-stan-posle-renoviranja-komsije-ocajne","status":"publish","type":"post","link":"https:\/\/chicagodesavanja.us\/en\/vesti\/tu-je-nazalost-ana-nikolic-se-vratila-u-stan-posle-renoviranja-komsije-ocajne\/","title":{"rendered":"&#8222;Tu je, na\u017ealost&#8220;: Ana Nikoli\u0107 se vratila u stan posle renoviranja, kom\u0161ije o\u010dajne"},"content":{"rendered":"<p class=\"wp-block-paragraph\">Ana Nikoli\u0107 je prethodnih dana boravila u hotelu budu\u0107i da je njen stan na Vo\u017edovcu morao da se renovira.<\/p>\n\n\n\n<p class=\"wp-block-paragraph\">\u010cini se da zbog toga njene kom\u0161ije nisu sre\u0107ne.<\/p>\n\n\n\n<p class=\"wp-block-paragraph\">Naime, peva\u010dica se vratila svakodnevnom \u017eivotu i svojim navikama i obavezama me\u0111utim, ispred njene zgrade i stana nije ba\u0161 najlep\u0161i prizor nakon povratka peva\u010dice ku\u0107i.<\/p>\n\n\n\n<p class=\"wp-block-paragraph\">Ispred zgrade je havarisan automobil &#8222;mercedes&#8220;, koji je bio parkiran na nedozvoljenom mestu.<\/p>\n\n\n\n<p class=\"wp-block-paragraph\">Luksuzni \u010detvoroto\u010dka\u0161, sav je izgreban i o\u0161te\u0107en od brojnih udaraca sa svih strana. Vrata su tako\u0111e ulubljena i s jedne i s druge strane, a ni\u0161ta manji haos nije ni u samom vozilu. Pikavci na sve strane, \u0111us-votka u fla\u0161i od soka, \u0111ubre&#8230; Po svemu sude\u0107i, Ana nije stigla da odveze automobil do auto-servisa, ali ni na dubinsko pranje, koje je i vi\u0161e nego potrebno, tvrdi Kurir.<\/p>\n\n\n\n<p class=\"wp-block-paragraph\">Ni\u0161ta bolje stanje nije bilo ni na terasi renoviranog stana. Tamo se nalazi gomila otpada, kao i stolice, sprave za ve\u017ebanje, merdevine, kutije, su\u0161ilica za ve\u0161 itd.<\/p>\n\n\n\n<p class=\"wp-block-paragraph\">Kom\u0161ije iz kraja gde \u017eivi peva\u010dica otkrile su neke detalje o njoj.<\/p>\n\n\n\n<p class=\"wp-block-paragraph\">Jedna od njih je pomen Aninog imena samo duboko uzdahnula i prevrnula o\u010dima.<\/p>\n\n\n\n<p class=\"wp-block-paragraph\">&#8211; Tu je Ana, na\u017ealost, vratila se pre nekoliko dana. Verujte, svi smo mirno spavali dok je bila u hotelu. Nisu nam smetali ni radnici ni buka, samo dok ona nije tu. Kako se vratila, ve\u0107 je nastao haos. Parkira gde ne sme, pa se svi \u017eale i zvone joj na vrata da se preparkira, a ona se ne javlja na interfon. Pogledajte samo ovaj nered na terasi. Njoj ona slu\u017ei za odlaganje starih stvari. Sav name\u0161taj koji je promenila je ostavila tamo, to tako ru\u017eno izgleda. Dok su trajali radovi, jedna \u017eena iz zgrade joj je rekla da bi bilo dobro da plati izno\u0161enje tih starudija iz stana i s terase, ali ona nije htela ni da \u010duje za to. Stra\u0161no &#8211; rekla je kom\u0161inica.<\/p>\n\n\n\n<p class=\"wp-block-paragraph\">Podsetimo, i prilikom prethodne posete Aninom kom\u0161iluku, stanje nije bilo bolje, jer je i tada njen auto bio u lo\u0161em stanju. Tad su na njemu bili vidljivi tragovi udarca u rampu ku\u0107e na Avali, kad je u jeku bila afera s njenim partnerom Goranom Ratkovi\u0107em Raletom. Ona ga je tad prijavila za nasilje, nakon \u010dega mu je izre\u010dena mera zabrane prilaska u trajanju od 48 sati, pa kasnije produ\u017eena na 30 dana. Luksuzni &#8222;mercedes&#8220; je, blago re\u010deno, bio demoliran, pa mu je pored ogrebotina i ulubljenja sa svih strana, prednji deo zalepljen crnom izolir-trakom kako ne bi otpao do posete auto-servisu.<\/p>\n\n\n\n<p class=\"wp-block-paragraph\">Unutra\u0161njost automobila je tako\u0111e pri\u010da za sebe. U njemu su bili razbacani pikavciu i pepeo, ostatke trule jabuke, etikete s garderobe, termos i razne otpatke.<\/p>\n\n\n\n<p class=\"wp-block-paragraph\">Ana je sve donedavno \u017eivela u jednom beogradskom hotelu, u kojem se nalazila pred izbacivanjem. Glavni razlog za to je haos koji Ana gotovo svako ve\u010de do ranih jutarnjih sati pravila u baru, u lobiju hotela, zbog \u010dega su se na nju \u017ealili brojni gosti hotela. Zbog njenog pona\u0161anja morali su da reaguju i menad\u017eer i recepcioneri.<\/p>\n\n\n\n<p class=\"wp-block-paragraph\"><\/p>\n\n\n\n<p class=\"wp-block-paragraph\" style=\"font-size:10px\">SOURCE:<a href=\"https:\/\/nova.rs\/zabava\/showbiz\/tu-je-nazalost-ana-nikolic-se-vratila-u-stan-posle-renoviranja-komsije-ocajne\/\" target=\"_blank\" rel=\"noopener\"> NOVA <\/a>PHOTO: SCREENSHOT<\/p>","protected":false},"excerpt":{"rendered":"<p>Ana Nikoli\u0107 je prethodnih dana boravila u hotelu budu\u0107i da je njen stan na Vo\u017edovcu morao da se renovira. \u010cini se da zbog toga njene kom\u0161ije nisu sre\u0107ne. Naime, peva\u010dica se vratila svakodnevnom \u017eivotu i svojim navikama i obavezama me\u0111utim, ispred njene zgrade i stana nije ba\u0161 najlep\u0161i prizor nakon povratka peva\u010dice ku\u0107i. Ispred zgrade [&hellip;]<\/p>\n","protected":false},"author":4,"featured_media":13260,"comment_status":"","ping_status":"","sticky":false,"template":"","format":"standard","meta":{"wpai_generated_summary":"","footnotes":""},"categories":[619,620],"tags":[2611,622,623,624,625,626],"class_list":["post-19353","post","type-post","status-publish","format-standard","has-post-thumbnail","hentry","category-muzika-zabava","category-zabava","tag-ana-nikolic","tag-estrada","tag-muzika","tag-poznati","tag-srpska-estrada","tag-zabava"],"_links":{"self":[{"href":"https:\/\/chicagodesavanja.us\/en\/wp-json\/wp\/v2\/posts\/19353","targetHints":{"allow":["GET"]}}],"collection":[{"href":"https:\/\/chicagodesavanja.us\/en\/wp-json\/wp\/v2\/posts"}],"about":[{"href":"https:\/\/chicagodesavanja.us\/en\/wp-json\/wp\/v2\/types\/post"}],"author":[{"embeddable":true,"href":"https:\/\/chicagodesavanja.us\/en\/wp-json\/wp\/v2\/users\/4"}],"replies":[{"embeddable":true,"href":"https:\/\/chicagodesavanja.us\/en\/wp-json\/wp\/v2\/comments?post=19353"}],"version-history":[{"count":0,"href":"https:\/\/chicagodesavanja.us\/en\/wp-json\/wp\/v2\/posts\/19353\/revisions"}],"wp:featuredmedia":[{"embeddable":true,"href":"https:\/\/chicagodesavanja.us\/en\/wp-json\/wp\/v2\/media\/13260"}],"wp:attachment":[{"href":"https:\/\/chicagodesavanja.us\/en\/wp-json\/wp\/v2\/media?parent=19353"}],"wp:term":[{"taxonomy":"category","embeddable":true,"href":"https:\/\/chicagodesavanja.us\/en\/wp-json\/wp\/v2\/categories?post=19353"},{"taxonomy":"post_tag","embeddable":true,"href":"https:\/\/chicagodesavanja.us\/en\/wp-json\/wp\/v2\/tags?post=19353"}],"curies":[{"name":"WP","href":"https:\/\/api.w.org\/{rel}","templated":true}]}}