{"id":19100,"date":"2026-04-07T19:38:50","date_gmt":"2026-04-07T19:38:50","guid":{"rendered":"https:\/\/chicagodesavanja.us\/biski-istok-pobegao-sa-ivice-provalije-amerika-izrael-i-iran-proglasili-prekid-vatre-momentalni-pad-cena-nafte\/"},"modified":"2026-04-07T19:38:50","modified_gmt":"2026-04-07T19:38:50","slug":"biski-istok-pobegao-sa-ivice-provalije-amerika-izrael-i-iran-proglasili-prekid-vatre-momentalni-pad-cena-nafte","status":"publish","type":"post","link":"https:\/\/chicagodesavanja.us\/en\/vesti\/biski-istok-pobegao-sa-ivice-provalije-amerika-izrael-i-iran-proglasili-prekid-vatre-momentalni-pad-cena-nafte\/","title":{"rendered":"Bliski istok pobegao sa ivice provalije: Amerika, Izrael i Iran proglasili prekid vatre, momentalni pad cena nafte"},"content":{"rendered":"<p class=\"wp-block-paragraph\">Manje od dva sata pred najavljeni \u201dsmak sveta\u201d, Sjedinjene Dr\u017eave i Iran postigli su sporazum o prekidu vatre, koji uklju\u010duje nesmetan prolaz trgova\u010dkih brodova kroz Ormuski tesnac. Izrael je tako\u0111e pristao na prekid vatre. Pakistan tvrdi da je postignuto primirje i u Libanu. Ameri\u010dke oru\u017eane snage su prekinule akcije. Cena nafte momentalno je pala za 15 odsto. Pakistan tvrdi da se primirje odnosi i na Liban.<\/p>\n\n\n\n<p class=\"wp-block-paragraph\">\u010cetiri osobe ranjene od krhotina iranske rakete oborene iznad Katara jedine su \u017ertve najavljenog Trumpovog \u201dkraja civilizacije\u201d i jednako ubita\u010dne odmazde Irana, po\u0161to su se dve strane, uz pomo\u0107 Pakistana, u poslednji \u010das dogovorile da primirje pretpostave totalnom ratu.<\/p>\n\n\n\n<p class=\"wp-block-paragraph\">\u201dPosle razgovora sa pakistanskim premijerom \u0160ahbazom \u0160arifom i&nbsp;feldmar\u0161alom Asimom Munirom&nbsp;i njihovog zahteva da zaustavim ru\u0161ila\u010dku silu upu\u0107enu ka Iranu i na osnovu pristanka Irana da odmah i u potpunosti otvori Ormuski tesnac, slo\u017eio sam se da obustavim napade i bombardovanje Irana na dve sedmice\u201d, napisao je Trump na mre\u017ei \u201dTruthSocial\u201d. &nbsp;<\/p>\n\n\n\n<p class=\"wp-block-paragraph\">Sporazum o prekidu vatre je, dodu\u0161e sasvim druga\u010dijim tonom, potvrdila i iranskoj Revolucionarnoj gardi bliska agencija Tasnim, koja je objavila da je ameri\u010dki predsednik \u201duzmakao\u201d, nakon \u0161to je dobio plan Teherana za okon\u010danje neprijateljstava.<\/p>\n\n\n\n<p class=\"wp-block-paragraph\">Sa odredbama sporazuma saglasio se Izrael, \u010dime je, bar na dve sedmice, okon\u010dan sukob koji je pretio da svet gurne u nekontrolisanu ekonomsku krizu, pre svega jer kroz Ormuski tesnac prolazi petina svetske trgovine energentima.<\/p>\n\n\n\n<p class=\"wp-block-paragraph\">Pakistan, kao glavni posrednik u mirovnom procesu, tvrdi da se prekid vatre odnosi na \u010ditav Bliski istok, uklju\u010duju\u0107i i Liban.<\/p>\n\n\n\n<p class=\"wp-block-paragraph\">Iranski mediji, za sada, nisu potvrdili da su se lideri vlasti u Teheranu saglasili sa potpunim otvaranjem Ormuskog moreuza i nesmetanim protokom strate\u0161kih sirovina, poput nafte, te\u010dnog gasa, helijuma za fabrike poluprovodnika i ve\u0161ta\u010dkog \u0111ubriva.<\/p>\n\n\n\n<p class=\"wp-block-paragraph\">\u201dIran je pristao da na dve nedelje obustavi odbrambene akcije. U tom periodu bezbedan prolaz kroz Ormuski tesnac \u0107e biti mogu\u0107 uz koordinaciju sa iranskim oru\u017eanim snagama\u201d, rekao je iranski ministar spoljnih poslova Abas Arag\u010di.<\/p>\n\n\n\n<p class=\"wp-block-paragraph\">Odmah zatim oglasio se i iranski Vrhovni savet za nacionalnu bezbednost, koji je objavio \u201distorijsku, odlu\u010dnu i nepobitnu\u201d pobedu nad \u201dkukavi\u010dkim\u201d neprijateljima.<\/p>\n\n\n\n<p class=\"wp-block-paragraph\">\u201dIran je izvojevao veliku pobedu i prinudio ameri\u010dke kriminalce da prihvate na\u0161 plan u deset ta\u010daka, uklju\u010duju\u0107i garancije o nenapadanju, nastavak iranske kontrole nad Ormuskim moreuzom, prihvatanje prava na oboga\u0107ivanje uranijuma i ukidanje svih primarnih i sekundarnih sankcija\u201d, naveo je iranski Vrhovni savet za nacionalnu bezbednost.<\/p>\n\n\n\n<h3 class=\"wp-block-heading\"><strong>Mnogo otvorenih pitanja<\/strong><\/h3>\n\n\n\n<p class=\"wp-block-paragraph\">Sporazum je postignut po\u0161to se \u010ditava Trampova administracija na\u0161la pod stra\u0161nim politi\u010dkim pritiskom u Americi, ali i sa svih strana sveta, da prona\u0111e izlaz iz situacije u koju je, postavljanjem ultimatuma Iranu i pretnjom Armagedonom, sama izazvala.<\/p>\n\n\n\n<p class=\"wp-block-paragraph\">Ostaje, me\u0111utim, nejasno koliko su ove iranske tvrdnje zaista ta\u010dne, posebno delovi koji se odnose na oboga\u0107ivanje uranijuma i ukidanje sankcija, ali je i sama su\u0161tina primirja ubrzo dovedena u pitanje jer su ameri\u010dke oru\u017eane snage obznanile da \u0107e stvarni prekid vatre stupiti na snagu tek kada Iran otvori Ormuski tesnac.<\/p>\n\n\n\n<p class=\"wp-block-paragraph\">Ipak, za sada nije jasno da li se sporazum odnosi i na ne\u0161to vi\u0161e od 400 kilograma oboga\u0107enog uranijuma, skrivenog na nekoliko lokacija u Iranu, koji su, pre vi\u0161e od mesec dana, i bili glavni razlog Trumpovog napada na ovu dr\u017eavu.<\/p>\n\n\n\n<p class=\"wp-block-paragraph\">Bombe koje su padale po zemljama na\u010di\u010dkanim oko Persijskog zaliva ozna\u010dile su i kraj njihovog diplomatskog uticaja, pa se u prvi plan poku\u0161aja da se nekako zauzda konflikt izme\u0111u Amerike, Izraela i Irana, izgurao se manje ili vi\u0161e o\u010dekivano komandant pakistanske vojske, feldmar\u0161al Asim Munir.<\/p>\n\n\n\n<p class=\"wp-block-paragraph\">Kao miljenik Donalda Trumpa, Munir je poslednjih sedmica usko\u010dio u prvi plan svetske diplomatije poku\u0161avaju\u0107i da, \u0161armiraju\u0107i predsednika SAD, iskoristi uticaj Islamabada u islamskom svetu i isposluje prekid vatre u sukobu koji preti da ozbiljno unazadi svetsku ekonomiju.<\/p>\n\n\n\n<p class=\"wp-block-paragraph\">&#8222;Moj omiljeni feldmar\u0161al&#8220;, &#8222;veliki ratnik&#8220;, &#8222;veoma va\u017ean \u010dovek&#8220; ili &#8222;izuzetno ljudsko bi\u0107e&#8220;, kako ga od ulaska u Belu ku\u0107u naziva Donald Tramp, pakistanski feldmar\u0161al najozbiljnije ra\u010duna da bi ga ugled u muslimanskom svetu i naklonost ameri\u010dkog predsednika mogle pretvoriti u mirotvorca.<\/p>\n\n\n\n<p class=\"wp-block-paragraph\">Pakistan je, tako, uz kinesku podr\u0161ku 24 \u010dasa ped istek Trumpovog ulitimatuma na\u010dinio predlog sporazuma, koji je uklju\u010divao 45 dana primirja i te momentalno otvaranje Ormuskog tesnaca za pomorski saobra\u0107aj, dok bi kona\u010dan dokument bio definisan u narednih dvadesetak dana.<\/p>\n\n\n\n<p class=\"wp-block-paragraph\">Munir je, navodno, o tome &#8222;celu no\u0107&#8220; razgovarao sa potpredsednikom SAD D\u017eej Di Vensom i izaslanicima Stivom Vitkofom i D\u017earedom Ku\u0161nerom, kao i iranskim \u0161efom diplomatije Abasom Arak\u010dijem, nakon \u010dega je 45 dana dugo primirje svedeno na dve sedmice.<\/p>\n\n\n\n<p class=\"wp-block-paragraph\"><\/p>\n\n\n\n<p class=\"wp-block-paragraph\" style=\"font-size:10px\">SOURCE: <a href=\"https:\/\/rts.rs\/lat\/vesti\/svet\/5922069\/sad-iran-rat-primirje-pakistan-izrael.html\" target=\"_blank\" rel=\"noopener\">RTS<\/a> PHOTO: SCREENSHOT<\/p>","protected":false},"excerpt":{"rendered":"<p>Manje od dva sata pred najavljeni \u201dsmak sveta\u201d, Sjedinjene Dr\u017eave i Iran postigli su sporazum o prekidu vatre, koji uklju\u010duje nesmetan prolaz trgova\u010dkih brodova kroz Ormuski tesnac. Izrael je tako\u0111e pristao na prekid vatre. Pakistan tvrdi da je postignuto primirje i u Libanu. Ameri\u010dke oru\u017eane snage su prekinule akcije. Cena nafte momentalno je pala za [&hellip;]<\/p>\n","protected":false},"author":4,"featured_media":13030,"comment_status":"","ping_status":"","sticky":false,"template":"","format":"standard","meta":{"wpai_generated_summary":"","footnotes":""},"categories":[368,431,369],"tags":[538,3687,404,887,917,568],"class_list":["post-19100","post","type-post","status-publish","format-standard","has-post-thumbnail","hentry","category-vesti-amerika","category-svet","category-vesti","tag-amerika","tag-bliski-istok","tag-donald-trump","tag-prekid-vatre","tag-rat-u-iranu","tag-sad"],"_links":{"self":[{"href":"https:\/\/chicagodesavanja.us\/en\/wp-json\/wp\/v2\/posts\/19100","targetHints":{"allow":["GET"]}}],"collection":[{"href":"https:\/\/chicagodesavanja.us\/en\/wp-json\/wp\/v2\/posts"}],"about":[{"href":"https:\/\/chicagodesavanja.us\/en\/wp-json\/wp\/v2\/types\/post"}],"author":[{"embeddable":true,"href":"https:\/\/chicagodesavanja.us\/en\/wp-json\/wp\/v2\/users\/4"}],"replies":[{"embeddable":true,"href":"https:\/\/chicagodesavanja.us\/en\/wp-json\/wp\/v2\/comments?post=19100"}],"version-history":[{"count":0,"href":"https:\/\/chicagodesavanja.us\/en\/wp-json\/wp\/v2\/posts\/19100\/revisions"}],"wp:featuredmedia":[{"embeddable":true,"href":"https:\/\/chicagodesavanja.us\/en\/wp-json\/wp\/v2\/media\/13030"}],"wp:attachment":[{"href":"https:\/\/chicagodesavanja.us\/en\/wp-json\/wp\/v2\/media?parent=19100"}],"wp:term":[{"taxonomy":"category","embeddable":true,"href":"https:\/\/chicagodesavanja.us\/en\/wp-json\/wp\/v2\/categories?post=19100"},{"taxonomy":"post_tag","embeddable":true,"href":"https:\/\/chicagodesavanja.us\/en\/wp-json\/wp\/v2\/tags?post=19100"}],"curies":[{"name":"WP","href":"https:\/\/api.w.org\/{rel}","templated":true}]}}