{"id":19053,"date":"2026-04-10T02:40:00","date_gmt":"2026-04-10T02:40:00","guid":{"rendered":"https:\/\/chicagodesavanja.us\/zelenski-spreman-sam-da-se-sastanem-sa-putinom\/"},"modified":"2026-04-10T02:40:00","modified_gmt":"2026-04-10T02:40:00","slug":"zelenski-spreman-sam-da-se-sastanem-sa-putinom","status":"publish","type":"post","link":"https:\/\/chicagodesavanja.us\/en\/vesti\/zelenski-spreman-sam-da-se-sastanem-sa-putinom\/","title":{"rendered":"Zelenski: &#8222;Spreman sam da se sastanem sa Putinom&#8220;"},"content":{"rendered":"<p class=\"wp-block-paragraph\">Ukrajinski predsednik Volodimir Zelenski izjavio je da je spreman za direktan sastanak sa ruskim predsednikom Vladimirom Putinom na neutralnom terenu.<\/p>\n\n\n\n<p class=\"wp-block-paragraph\">&#8222;Spreman sam da se sastanem sa Putinom. Sigurno ne u Moskvi, ni u Kijevu, ali postoje mnoga druga mesta \u2013 na Bliskom istoku, u Evropi ili Sjedinjenim Dr\u017eavama&#8220;, rekao je Zelenski u intervjuu za italijanski Radio Rai.<\/p>\n\n\n\n<p class=\"wp-block-paragraph\">Govore\u0107i o Donbasu, ukrajinski lider je odbacio mogu\u0107nost teritorijalnih ustupaka Rusiji, upozoriv\u0161i da bi to omogu\u0107ilo ruskim snagama da bez ve\u0107ih gubitaka zauzmu strate\u0161ke pozicije i potencijalno pro\u0161ire ofanzivu na druge gradove, uklju\u010duju\u0107i Harkov.<\/p>\n\n\n\n<p class=\"wp-block-paragraph\">On je naveo i da bi takav potez izazvao duboke podele u ukrajinskom dru\u0161tvu i ugrozio nezavisnost zemlje.<\/p>\n\n\n\n<h3 class=\"wp-block-heading\">O situaciji na Bliskom istoku<\/h3>\n\n\n\n<p class=\"wp-block-paragraph\">Zelenski je pozdravio napore SAD u postizanju primirja sa Iranom, oceniv\u0161i da bi to moglo doprineti ubla\u017eavanju globalne energetske krize, ali je naglasio da\u00a0vojna podr\u0161ka Ukrajini mora biti nastavljena. Dodao je da su trilateralni pregovori sa Rusijom odlo\u017eeni zbog fokusiranosti Va\u0161ingtona na Bliski istok, ali da \u0107e biti nastavljeni.<\/p>\n\n\n\n<p class=\"wp-block-paragraph\">Ukrajinski predsednik pohvalio je i italijansku premijerku \u0110or\u0111u Meloni, nazvav\u0161i je sna\u017enim liderom i jednim od najglasnijih zagovornika pomo\u0107i Ukrajini u Evropi, uz ocenu da njeni odnosi sa SAD mogu doprineti pritisku na Moskvu.<\/p>\n\n\n\n<p class=\"wp-block-paragraph\">Govore\u0107i o bezbednosnim garancijama, Zelenski je istakao potrebu za dugoro\u010dnim prisustvom evropskih i ameri\u010dkih partnera, upozoriv\u0161i da bi Rusija mogla ponovo da pokrene ofanzivu u narednim godinama.<\/p>\n\n\n\n<p class=\"wp-block-paragraph\">Na pitanje o izborima, rekao je da njihovo odr\u017eavanje trenutno nije mogu\u0107e zbog ratnih uslova i bezbednosnih izazova. Tako\u0111e je izrazio nadu da \u0107e SAD poo\u0161triti sankcije Rusiji, uprkos nastavku izvoza nafte.<\/p>\n\n\n\n<p class=\"wp-block-paragraph\" style=\"font-size:10px\">SOURCE: <a href=\"https:\/\/www.b92.net\/info\/svet\/223409\/zelenski-spreman-sam-da-se-sastanem-sa-putinom\/vest\" target=\"_blank\" rel=\"noreferrer noopener\">B92<\/a>, PHOTO: PRINTSCREEN<\/p>","protected":false},"excerpt":{"rendered":"<p>Ukrajinski predsednik Volodimir Zelenski izjavio je da je spreman za direktan sastanak sa ruskim predsednikom Vladimirom Putinom na neutralnom terenu. &#8222;Spreman sam da se sastanem sa Putinom. Sigurno ne u Moskvi, ni u Kijevu, ali postoje mnoga druga mesta \u2013 na Bliskom istoku, u Evropi ili Sjedinjenim Dr\u017eavama&#8220;, rekao je Zelenski u intervjuu za italijanski [&hellip;]<\/p>\n","protected":false},"author":1,"featured_media":15663,"comment_status":"","ping_status":"","sticky":false,"template":"","format":"standard","meta":{"footnotes":""},"categories":[431,369],"tags":[1485,841,943,2372,1037,1215,945,1487],"class_list":["post-19053","post","type-post","status-publish","format-standard","has-post-thumbnail","hentry","category-svet","category-vesti","tag-rat-u-ukrajini","tag-rusija","tag-sastanak","tag-svet","tag-ukrajina","tag-vesti","tag-vladimir-putin","tag-volodimir-zelenski"],"_links":{"self":[{"href":"https:\/\/chicagodesavanja.us\/en\/wp-json\/wp\/v2\/posts\/19053","targetHints":{"allow":["GET"]}}],"collection":[{"href":"https:\/\/chicagodesavanja.us\/en\/wp-json\/wp\/v2\/posts"}],"about":[{"href":"https:\/\/chicagodesavanja.us\/en\/wp-json\/wp\/v2\/types\/post"}],"author":[{"embeddable":true,"href":"https:\/\/chicagodesavanja.us\/en\/wp-json\/wp\/v2\/users\/1"}],"replies":[{"embeddable":true,"href":"https:\/\/chicagodesavanja.us\/en\/wp-json\/wp\/v2\/comments?post=19053"}],"version-history":[{"count":0,"href":"https:\/\/chicagodesavanja.us\/en\/wp-json\/wp\/v2\/posts\/19053\/revisions"}],"wp:featuredmedia":[{"embeddable":true,"href":"https:\/\/chicagodesavanja.us\/en\/wp-json\/wp\/v2\/media\/15663"}],"wp:attachment":[{"href":"https:\/\/chicagodesavanja.us\/en\/wp-json\/wp\/v2\/media?parent=19053"}],"wp:term":[{"taxonomy":"category","embeddable":true,"href":"https:\/\/chicagodesavanja.us\/en\/wp-json\/wp\/v2\/categories?post=19053"},{"taxonomy":"post_tag","embeddable":true,"href":"https:\/\/chicagodesavanja.us\/en\/wp-json\/wp\/v2\/tags?post=19053"}],"curies":[{"name":"WP","href":"https:\/\/api.w.org\/{rel}","templated":true}]}}