{"id":19050,"date":"2026-04-10T03:04:00","date_gmt":"2026-04-10T03:04:00","guid":{"rendered":"https:\/\/chicagodesavanja.us\/buba-koreli-izbegao-zatvor-u-poslednjem-trenutku-reper-platio-ogromnu-cifru-za-slobodu\/"},"modified":"2026-04-10T03:04:00","modified_gmt":"2026-04-10T03:04:00","slug":"buba-koreli-izbegao-zatvor-u-poslednjem-trenutku-reper-platio-ogromnu-cifru-za-slobodu","status":"publish","type":"post","link":"https:\/\/chicagodesavanja.us\/en\/vesti\/buba-koreli-izbegao-zatvor-u-poslednjem-trenutku-reper-platio-ogromnu-cifru-za-slobodu\/","title":{"rendered":"Buba Koreli izbegao zatvor u poslednjem trenutku: Reper platio ogromnu cifru za slobodu"},"content":{"rendered":"<p class=\"wp-block-paragraph\">Reper Amar Hod\u017ei\u0107 (37), poznatiji kao\u00a0Buba Koreli,\u00a0izbegao je odlazak u zatvor nakon \u0161to je nov\u010dano otplatio kaznu na koju je bio osu\u0111en zbog utaje poreza, potvr\u0111eno je iz Vrhovnog suda Fedreacije BiH.<\/p>\n\n\n\n<p class=\"wp-block-paragraph\">Hod\u017ei\u0107 je Vrhovnom sudu FBiH otplatio 24.000 KM (pribli\u017eno 12.270 evra) na ime zatvorske kazne u trajanju od osam meseci na koju je bio osu\u0111en zbog utaje poreza.<\/p>\n\n\n\n<p class=\"wp-block-paragraph\">\u2013\u00a0\u0160to je bilo poreskog duga prema dr\u017eavi, to je ispla\u0107eno.\u00a0\u0160to se ti\u010de kazne zatvora, u skladu sa zakonom iskori\u0161\u0107eno je pravo da se zatvorska kazna pretvori u nov\u010danu i to je iskori\u0161\u0107eno \u2013\u00a0rekao je za Klix.ba njegov advokat Sead Zijadi\u0107.<\/p>\n\n\n\n<p class=\"wp-block-paragraph\">Posebno odjeljenje za suzbijanje korupcije, organizovanog i me\u0111ukantonalnog kriminala Vrhovnog suda FBiH (POSKOK) ranije je objavilo da je reper priznao krivicu za utaju poreza te da je iznos od 115.642 KM (oko 59. 120 evra) uplatio na ra\u010dun Poreske uprave.<\/p>\n\n\n\n<p class=\"wp-block-paragraph\">\u2013\u00a0Optu\u017eeni se tereti da je u vremenskom periodu od 1.01.2017. do 31.03.2022. godine, kao poreski obveznik svesno i s htenjem, izbegao da plati davanja propisana poreznim zakonodavstvom FBiH i doprinosa socijalnog osiguranja propisanih u Federaciji, ne daju\u0107i zahtevane podatake o svojim ste\u010denim oporezivim prihodima \u2013\u00a0saop\u0161teno je ranije iz Federalnog tu\u017eila\u0161tva FBiH.<\/p>\n\n\n\n<p class=\"wp-block-paragraph\">Podsetimo, Buba Koreli osu\u0111en je 2019. godine na godinu dana zatvora zbog krivi\u010dnog dela neovla\u0161\u0107ene proizvodnje i stavljanja u promet opojnih droga, a pre \u010detiri godine zbog ovih optu\u017ebi ve\u0107 je bio u pritvoru.<\/p>\n\n\n\n<p class=\"wp-block-paragraph\">\u2013 Ta\u010dno je, ali ta \u017ealba ne\u0107e biti iskori\u0161\u0107ena zato \u0161to je zaklju\u010den sporazum o priznanju krivice. To je predmet koji je od 2014\/2015. godine, to je star predmet \u2013\u00a0rekao je Bubin advokat tada, a na pitanje da li \u0107e se u izre\u010denu kaznu ura\u010dunati osam meseci pritvora, kazao je:<\/p>\n\n\n\n<p class=\"wp-block-paragraph\">\u2013 Tako je. To se ura\u010dunava u izre\u010denu kaznu i preostaju ta \u010detiri meseca. Prema na\u0161em Kivi\u010dnom pravu, postoji mogu\u0107nost da osobe koje su osu\u0111ene do godinu dana isplate kaznu. Ja pretpostavljam da \u0107e ta mogu\u0107nost biti iskori\u0161\u0107ena. Ne znam koliko je ta\u010dan iznos. Kod nas je dan 100 maraka, oko 50 evra \u2013\u00a0rekao je Bubin advokat 2019. godine.<\/p>\n\n\n\n<p class=\"wp-block-paragraph\"><\/p>\n\n\n\n<p class=\"wp-block-paragraph\" style=\"font-size:10px\">SOURCE: <a href=\"https:\/\/grand.nova.rs\/showbiz\/buba-koreli-izbegao-zatvor\/\" target=\"_blank\" rel=\"noopener\">GRAND<\/a> PHOTO: SCREENSHOT<\/p>","protected":false},"excerpt":{"rendered":"<p>Reper Amar Hod\u017ei\u0107 (37), poznatiji kao\u00a0Buba Koreli,\u00a0izbegao je odlazak u zatvor nakon \u0161to je nov\u010dano otplatio kaznu na koju je bio osu\u0111en zbog utaje poreza, potvr\u0111eno je iz Vrhovnog suda Fedreacije BiH. Hod\u017ei\u0107 je Vrhovnom sudu FBiH otplatio 24.000 KM (pribli\u017eno 12.270 evra) na ime zatvorske kazne u trajanju od osam meseci na koju je [&hellip;]<\/p>\n","protected":false},"author":4,"featured_media":12998,"comment_status":"","ping_status":"","sticky":false,"template":"","format":"standard","meta":{"wpai_generated_summary":"","footnotes":""},"categories":[619,620],"tags":[5196,1309,622,623,624,625,626],"class_list":["post-19050","post","type-post","status-publish","format-standard","has-post-thumbnail","hentry","category-muzika-zabava","category-zabava","tag-buba-koreli","tag-domaca-estrada","tag-estrada","tag-muzika","tag-poznati","tag-srpska-estrada","tag-zabava"],"_links":{"self":[{"href":"https:\/\/chicagodesavanja.us\/en\/wp-json\/wp\/v2\/posts\/19050","targetHints":{"allow":["GET"]}}],"collection":[{"href":"https:\/\/chicagodesavanja.us\/en\/wp-json\/wp\/v2\/posts"}],"about":[{"href":"https:\/\/chicagodesavanja.us\/en\/wp-json\/wp\/v2\/types\/post"}],"author":[{"embeddable":true,"href":"https:\/\/chicagodesavanja.us\/en\/wp-json\/wp\/v2\/users\/4"}],"replies":[{"embeddable":true,"href":"https:\/\/chicagodesavanja.us\/en\/wp-json\/wp\/v2\/comments?post=19050"}],"version-history":[{"count":0,"href":"https:\/\/chicagodesavanja.us\/en\/wp-json\/wp\/v2\/posts\/19050\/revisions"}],"wp:featuredmedia":[{"embeddable":true,"href":"https:\/\/chicagodesavanja.us\/en\/wp-json\/wp\/v2\/media\/12998"}],"wp:attachment":[{"href":"https:\/\/chicagodesavanja.us\/en\/wp-json\/wp\/v2\/media?parent=19050"}],"wp:term":[{"taxonomy":"category","embeddable":true,"href":"https:\/\/chicagodesavanja.us\/en\/wp-json\/wp\/v2\/categories?post=19050"},{"taxonomy":"post_tag","embeddable":true,"href":"https:\/\/chicagodesavanja.us\/en\/wp-json\/wp\/v2\/tags?post=19050"}],"curies":[{"name":"WP","href":"https:\/\/api.w.org\/{rel}","templated":true}]}}