{"id":18780,"date":"2026-04-23T03:10:00","date_gmt":"2026-04-23T03:10:00","guid":{"rendered":"https:\/\/chicagodesavanja.us\/djokovic-ne-znam-hocu-li-igrati-u-rimu-ali-bicu-spreman-za-rolan-garos\/"},"modified":"2026-04-23T03:10:00","modified_gmt":"2026-04-23T03:10:00","slug":"djokovic-ne-znam-hocu-li-igrati-u-rimu-ali-bicu-spreman-za-rolan-garos","status":"publish","type":"post","link":"https:\/\/chicagodesavanja.us\/en\/vesti\/djokovic-ne-znam-hocu-li-igrati-u-rimu-ali-bicu-spreman-za-rolan-garos\/","title":{"rendered":"\u0110okovi\u0107: Ne znam ho\u0107u li igrati u Rimu, ali bi\u0107u spreman za Rolan Garos"},"content":{"rendered":"<p class=\"wp-block-paragraph\">Srpski teniser Novak \u0110okovi\u0107 izjavio je za \u0161panske medije da o\u010dekuje da \u0107e biti spreman za nastup na predstoje\u0107em grend slemu Rolan Garosu, uprkos povredi zbog koje je primoran da presko\u010di masters u Madridu.<\/p>\n\n\n\n<p class=\"wp-block-paragraph\">\u0110okovi\u0107 je tokom ceremonije dodele nagrada Laureus potvrdio da ne\u0107e igrati u \u0161panskoj prestonici, ali je naglasio da oporavak te\u010de u dobrom smeru.<\/p>\n\n\n\n<p class=\"wp-block-paragraph\">&#8222;Treniram kako bih bio spreman da igram u Rimu. Ne mogu ni\u0161ta da prognoziram, sve zavisi kako \u0107e se stanje sa mojom povredom odvijati, ali za Rolan Garos \u0107u biti spreman&#8220;, rekao je \u0110okovi\u0107.<\/p>\n\n\n\n<p class=\"wp-block-paragraph\">Srpski teniser se osvrnuo i na jedan od najzna\u010dajnijih trenutaka u karijeri &#8211; osvajanje olimpijskog zlata na Igrama u Parizu, gde je u finalu savladao Carlos Alcaraz.<\/p>\n\n\n\n<p class=\"wp-block-paragraph\">&#8222;Kada sam pobedio u Parizu, to je bio verovatno vrhunac moje karijere. S obzirom na to da sam imao 37 godina i da je to verovatno bila moja poslednja \u0161ansa. Nikada ne\u0107u zaboraviti tu pobedu. Bilo je to neverovatno iskustvo koje sam mnogo puta ponovo gledao, sam i sa porodicom&#8220;, istakao je \u0110okovi\u0107.<\/p>\n\n\n\n<p class=\"wp-block-paragraph\">Govore\u0107i o budu\u0107im planovima, \u0110okovi\u0107 nije krio da mu je jedan od ciljeva nastup na narednim Olimpijskim igrama u Los Angeles, koje bi mu bile \u0161este u karijeri.<\/p>\n\n\n\n<p class=\"wp-block-paragraph\">&#8222;Biti na Olimpijadi, predstavljati svoju zemlju i nositi boje svoje zastave sa ponosom &#8211; nijedan drugi doga\u0111aj ne mo\u017ee da pru\u017ei takav ose\u0107aj. Nadam se da \u0107u imati priliku da to ponovo do\u017eivim i radim na tome&#8220;, zaklju\u010dio je \u0110okovi\u0107.<\/p>\n\n\n\n<p class=\"wp-block-paragraph\"><\/p>\n\n\n\n<p class=\"wp-block-paragraph\" style=\"font-size:10px\">SOURCE: <a href=\"https:\/\/rts.rs\/lat\/sport\/tenis\/5931667\/atp-masters-madrid-rim-rolan-garos-novak-djokovic-2026.html\" target=\"_blank\" rel=\"noopener\">RTS<\/a> PHOTO: SCREENSHOT<\/p>\n\n\n\n<p class=\"wp-block-paragraph\"><\/p>","protected":false},"excerpt":{"rendered":"<p>Srpski teniser Novak \u0110okovi\u0107 izjavio je za \u0161panske medije da o\u010dekuje da \u0107e biti spreman za nastup na predstoje\u0107em grend slemu Rolan Garosu, uprkos povredi zbog koje je primoran da presko\u010di masters u Madridu. \u0110okovi\u0107 je tokom ceremonije dodele nagrada Laureus potvrdio da ne\u0107e igrati u \u0161panskoj prestonici, ali je naglasio da oporavak te\u010de u [&hellip;]<\/p>\n","protected":false},"author":4,"featured_media":13130,"comment_status":"","ping_status":"","sticky":false,"template":"","format":"standard","meta":{"wpai_generated_summary":"","footnotes":""},"categories":[760,1004],"tags":[],"class_list":["post-18780","post","type-post","status-publish","format-standard","has-post-thumbnail","hentry","category-sport","category-tenis"],"_links":{"self":[{"href":"https:\/\/chicagodesavanja.us\/en\/wp-json\/wp\/v2\/posts\/18780","targetHints":{"allow":["GET"]}}],"collection":[{"href":"https:\/\/chicagodesavanja.us\/en\/wp-json\/wp\/v2\/posts"}],"about":[{"href":"https:\/\/chicagodesavanja.us\/en\/wp-json\/wp\/v2\/types\/post"}],"author":[{"embeddable":true,"href":"https:\/\/chicagodesavanja.us\/en\/wp-json\/wp\/v2\/users\/4"}],"replies":[{"embeddable":true,"href":"https:\/\/chicagodesavanja.us\/en\/wp-json\/wp\/v2\/comments?post=18780"}],"version-history":[{"count":0,"href":"https:\/\/chicagodesavanja.us\/en\/wp-json\/wp\/v2\/posts\/18780\/revisions"}],"wp:featuredmedia":[{"embeddable":true,"href":"https:\/\/chicagodesavanja.us\/en\/wp-json\/wp\/v2\/media\/13130"}],"wp:attachment":[{"href":"https:\/\/chicagodesavanja.us\/en\/wp-json\/wp\/v2\/media?parent=18780"}],"wp:term":[{"taxonomy":"category","embeddable":true,"href":"https:\/\/chicagodesavanja.us\/en\/wp-json\/wp\/v2\/categories?post=18780"},{"taxonomy":"post_tag","embeddable":true,"href":"https:\/\/chicagodesavanja.us\/en\/wp-json\/wp\/v2\/tags?post=18780"}],"curies":[{"name":"WP","href":"https:\/\/api.w.org\/{rel}","templated":true}]}}