{"id":18724,"date":"2026-04-26T02:35:00","date_gmt":"2026-04-26T02:35:00","guid":{"rendered":"https:\/\/chicagodesavanja.us\/cudotvorac-na-ceni-celsi-zainteresovan-za-fabregasa\/"},"modified":"2026-04-26T02:35:00","modified_gmt":"2026-04-26T02:35:00","slug":"cudotvorac-na-ceni-celsi-zainteresovan-za-fabregasa","status":"publish","type":"post","link":"https:\/\/chicagodesavanja.us\/en\/vesti\/cudotvorac-na-ceni-celsi-zainteresovan-za-fabregasa\/","title":{"rendered":"\u010cudotvorac na ceni: \u010celsi zainteresovan za Fabregasa"},"content":{"rendered":"<p class=\"wp-block-paragraph\">Sesk Fabregas pravi pravo malo fudbalsko \u010dudo sa Komom u Seriji A, gde se njegov tim nalazi na petom mestu i bori se za plasman u Ligu \u0161ampiona.<\/p>\n\n\n\n<p class=\"wp-block-paragraph\">Zbog odli\u010dnih rezultata po\u010dele su glasine da bi Fabregas mogao da preuzme posao u \u010celsiju, posebno nakon turbulentne sezone londonskog kluba i \u010destih promena trenera.<\/p>\n\n\n\n<p class=\"wp-block-paragraph\">Predsednik Koma, Mirvan Suvarso, dodatno je podgrejao pri\u010du izjavom da ne\u0107e stajati na putu \u0160pancu ako \u017eeli da ode u \u010celsi, poru\u010div\u0161i da je odluka na njemu.<\/p>\n\n\n\n<p class=\"wp-block-paragraph\">Ipak, Fabregas je brzo smirio spekulacije i naglasio da je potpuno fokusiran na svoj trenutni posao, posebno na borbu za evropska takmi\u010denja i naredne utakmice u Seriji A. Istakao je da mu je cilj da sa Komom ostvari istorijski uspeh.<\/p>\n\n\n\n<p class=\"wp-block-paragraph\">Uprkos interesovanju iz Londona, \u0160panac trenutno ne pokazuje nameru da napusti projekat u Italiji, dok ostaje otvoreno pitanje da li \u0107e se u budu\u0107nosti vratiti u \u010celsi, klub u kojem je ranije igrao kao fudbaler.<\/p>\n\n\n\n<p class=\"wp-block-paragraph\" style=\"font-size:10px\">SOURCE: <a href=\"https:\/\/objektiv.rs\/vest\/1682755\/cudotvorac-na-ceni-celsi-zainteresovan-za-fabregasa\/\" target=\"_blank\" rel=\"noreferrer noopener\">OBJEKTIV<\/a>, PHOTO: PRINTSCREEN<\/p>","protected":false},"excerpt":{"rendered":"<p>Sesk Fabregas pravi pravo malo fudbalsko \u010dudo sa Komom u Seriji A, gde se njegov tim nalazi na petom mestu i bori se za plasman u Ligu \u0161ampiona. Zbog odli\u010dnih rezultata po\u010dele su glasine da bi Fabregas mogao da preuzme posao u \u010celsiju, posebno nakon turbulentne sezone londonskog kluba i \u010destih promena trenera. Predsednik Koma, [&hellip;]<\/p>\n","protected":false},"author":1,"featured_media":12743,"comment_status":"","ping_status":"","sticky":false,"template":"","format":"standard","meta":{"footnotes":""},"categories":[1192,760],"tags":[3243,2553,3244,3245,3246,3247,3248],"class_list":["post-18724","post","type-post","status-publish","format-standard","has-post-thumbnail","hentry","category-fudbal","category-sport","tag-celsi","tag-fudbal","tag-komo","tag-serija-a","tag-sesk-fabregas","tag-sportske-vesti","tag-trener"],"_links":{"self":[{"href":"https:\/\/chicagodesavanja.us\/en\/wp-json\/wp\/v2\/posts\/18724","targetHints":{"allow":["GET"]}}],"collection":[{"href":"https:\/\/chicagodesavanja.us\/en\/wp-json\/wp\/v2\/posts"}],"about":[{"href":"https:\/\/chicagodesavanja.us\/en\/wp-json\/wp\/v2\/types\/post"}],"author":[{"embeddable":true,"href":"https:\/\/chicagodesavanja.us\/en\/wp-json\/wp\/v2\/users\/1"}],"replies":[{"embeddable":true,"href":"https:\/\/chicagodesavanja.us\/en\/wp-json\/wp\/v2\/comments?post=18724"}],"version-history":[{"count":0,"href":"https:\/\/chicagodesavanja.us\/en\/wp-json\/wp\/v2\/posts\/18724\/revisions"}],"wp:featuredmedia":[{"embeddable":true,"href":"https:\/\/chicagodesavanja.us\/en\/wp-json\/wp\/v2\/media\/12743"}],"wp:attachment":[{"href":"https:\/\/chicagodesavanja.us\/en\/wp-json\/wp\/v2\/media?parent=18724"}],"wp:term":[{"taxonomy":"category","embeddable":true,"href":"https:\/\/chicagodesavanja.us\/en\/wp-json\/wp\/v2\/categories?post=18724"},{"taxonomy":"post_tag","embeddable":true,"href":"https:\/\/chicagodesavanja.us\/en\/wp-json\/wp\/v2\/tags?post=18724"}],"curies":[{"name":"WP","href":"https:\/\/api.w.org\/{rel}","templated":true}]}}