{"id":18680,"date":"2026-04-28T03:14:00","date_gmt":"2026-04-28T03:14:00","guid":{"rendered":"https:\/\/chicagodesavanja.us\/haris-dzinovic-otkrio-recept-kako-da-izbegnete-osobu-koju-ne-zelite-da-sretnete-kao-on-melinu\/"},"modified":"2026-04-28T03:14:00","modified_gmt":"2026-04-28T03:14:00","slug":"haris-dzinovic-otkrio-recept-kako-da-izbegnete-osobu-koju-ne-zelite-da-sretnete-kao-on-melinu","status":"publish","type":"post","link":"https:\/\/chicagodesavanja.us\/en\/vesti\/haris-dzinovic-otkrio-recept-kako-da-izbegnete-osobu-koju-ne-zelite-da-sretnete-kao-on-melinu\/","title":{"rendered":"Haris D\u017einovi\u0107 otkrio recept kako da izbegnete osobu koju ne \u017eelite da sretnete &#8211; kao on Melinu"},"content":{"rendered":"<p class=\"wp-block-paragraph\">Peva\u010d Haris D\u017einovi\u0107 govorio je o svojoj karijeri, kolegama i odnosu sa decom, kao i brojnim spekulacijama koje se poslednjih godina vezuju za njegovo ime.<\/p>\n\n\n\n<p class=\"wp-block-paragraph\">Kada je re\u010d o njegovoj karijeri, Haris isti\u010de da ima u planu da obradi neke svoje stare pesme, koje nisu uspele u prvom trenutku da privuku pa\u017enju publike.<\/p>\n\n\n\n<p class=\"wp-block-paragraph\">&#8222;Kada je iza\u0161la pesma &#8216;Mu\u0161tuluk&#8217; ona je ugu\u0161ila sve ostale pesme sa tog albuma, iako su i one jako dobre. Njih bi trebalo da relativiziram, da li \u0107e uspeti ne znam. Pokojni Sa\u0161a Popovi\u0107 je rekao &#8216;Haris D\u017einovi\u0107 je drugopruga\u0161&#8217;, recimo pesma &#8216;Pari\u0161ke kapije&#8217;, pevao sam je nekoliko godina dok nije buknula, prvo u Hrvatskoj, pa u Srbiji i u Bosni.&#8220;<\/p>\n\n\n\n<p class=\"wp-block-paragraph\">Godinama se spekulisalo da nije u dobrim odnosima sa Sa\u0161om Popovi\u0107em, te je sada otkrio pozadinu ovog sukoba.<\/p>\n\n\n\n<p class=\"wp-block-paragraph\">&#8222;Neko vreme nismo bili u nekim odnosima, ali smo se vrlo cenili. Cenio sam ga kao \u010doveka koji je oformio taj bend i napravio sve to, ali i kao preduzetnika i \u010doveka sa vizijom, \u0161to se na kraju i pokazalo. Napravio je \u010dudo, izbacio je mnogo novih talenata. Bio je neki nesporazum u nekom na\u0161em razgovoru, pa nas je to kao dva jarca razdvojilo, ali nikad se nismo pljuvali. Na kraju balade, bili smo zagrljeni, poslednjih godinu dana njegovog \u017eivota&#8220;, rekao je on u emisiji za FullScreen Media.<\/p>\n\n\n\n<p class=\"wp-block-paragraph\">Sa svojim kolegama iz Sarajeva, Nedom Ukraden, Zdravkom \u010coli\u0107em, Dinom Merlinom i drugima, gaji odnose pune po\u0161tovanja.<\/p>\n\n\n\n<p class=\"wp-block-paragraph\">&#8222;Sa \u010colom sam bio u generaciji, to je takav grad da se mora\u0161 sresti sa svima. Upoznali smo se davno, imali smo 17-18 godina, jo\u0161 nismo imali velike karijere. Bilo je to jedno bezbri\u017eno, lepo i mladala\u010dko dru\u017eenje, jo\u0161 je svako tra\u017eio sebe. Sa Nedom se ne dru\u017eim u smislu da se \u010dujemo i nalazimo na ru\u010dkovima, ali smo veliki prijatelji. Uzajamno se cenimo i po\u0161tujemo. Ona je i lafica i lavica&#8220;, dodao je.<\/p>\n\n\n\n<p class=\"wp-block-paragraph\">Poznato je da su se Haris i Melina tokom braka \u010desto dru\u017eili sa porodicom \u017divojinovi\u0107, pogotovo njihove lep\u0161e polovine, ali su odnosi zahladneli.<\/p>\n\n\n\n<p class=\"wp-block-paragraph\">&#8222;Ranije smo se ku\u0107no dru\u017eili, sad vi\u0161e ne. \u0160ta znam, mo\u017eda je do\u0161lo do zamene materijala&#8220;, rekao je on.<\/p>\n\n\n\n<p class=\"wp-block-paragraph\">Haris se dotakao i svoje karijere, te istakao da nije pobornik dueta, ali je napravio izuzetak kada je re\u010d o Ani Nikoli\u0107, kojoj je svojevremeno gostovao na pesmi &#8222;Vatra&#8220;.<\/p>\n\n\n\n<p class=\"wp-block-paragraph\">&#8222;Upoznao sam je igraju\u0107i tenis, nije to bio duet, utr\u010dao sam malo da pomognem. Malo da za\u0161e\u0107erim, \u010disto iz prijateljskih razloga.&#8220;<\/p>\n\n\n\n<p class=\"wp-block-paragraph\">Nedugo za tim, snimio je jo\u0161 jedan &#8211; &#8222;\u0160ta \u0107e meni vi\u0161e od toga&#8220; sa \u017deljkom Joksimovi\u0107em, sa kojim je dugo bio i vrlo blizak prijatelj.<\/p>\n\n\n\n<p class=\"wp-block-paragraph\">&#8222;Napravili smo duet, koji je postigao veliki uspeh i dan danas pevam tu pesmu. \u017deljko i ja smo odavno prijatelji. \u017divot nas je razdvojio, povremeno \u010dujemo telefonom, ali se retko vi\u0111amo. Ranije smo se vi\u0161e vi\u0111ali, ali on ima dve televizije, studio, ja sam ostao samo u muzici, pa imam mnogo vi\u0161e slobodnog vremena&#8220;, rekao je on i i pomenuo sada\u0161nje prijatelje.<\/p>\n\n\n\n<p class=\"wp-block-paragraph\">&#8222;Najvi\u0161e se dru\u017eim sa grupom tenisera rekreativaca iz kluba. Volim da kuvam, u tome sam jako dobar, volim da ugostim ljude, pravim ru\u010dkove i ve\u010derice.&#8220;<\/p>\n\n\n\n<p class=\"wp-block-paragraph\">Posebno mu nedostaju pokojne kolege, \u0160aban \u0160auli\u0107 i Halid Be\u0161li\u0107.<\/p>\n\n\n\n<p class=\"wp-block-paragraph\">&#8222;Svi koji su oti\u0161li mi nedostaju nevi\u0111eno, \u0160aban, Halid&#8230; Jako lepo smo se dru\u017eili, imali smo sjajan period \u017eivota, divno sara\u0111ivali, zore do\u010dekivali. Sva\u0161ta smo radili. Pro\u0111e mi \u010desto kroz glavu, fali mi to.&#8220;<\/p>\n\n\n\n<p class=\"wp-block-paragraph\">Kada je re\u010d o prijateljskim izdajama, Haris isti\u010de da je to do\u017eiveo, ali ne mnogo puta.<\/p>\n\n\n\n<p class=\"wp-block-paragraph\">&#8222;De\u0161avalo se da me prijatelji izdaju, ali ne mnogo. Nikad nisam imao \u017eelju za osvetom, ja sam \u010dovek od konverzacije, zakleti pacifista. Nije mi te\u0161ko da priznam svoju krivicu, od malih nogu koristim imenicu izvinjenja. Mnogi na ovim prostorima misle da je izvinjenje poni\u017eenje, nije ta\u010dno &#8211; izvinjenje je civilizacijski akt. Ja sam direkten \u010dovek, sve ka\u017eem u lice, ali i ja podnosim kritiku, najve\u0107i sam kriti\u010dar sam sebi&#8220;, rekao je on i dodao:<\/p>\n\n\n\n<p class=\"wp-block-paragraph\">&#8222;Ljudima je lak\u0161e da prebace preko jezika ne\u0161to lo\u0161e, nego da ka\u017eu &#8216;on je dobar&#8217;. Psi laju karavani prolaze, nau\u010dio sam da me to ne zanima&#8220;.<\/p>\n\n\n\n<p class=\"wp-block-paragraph\">Na pitanje gde je upoznao biv\u0161u suprugu Melinu Gali\u0107, kratko je rekao: &#8222;Ne bih ja ni\u0161ta o tome&#8220;.<\/p>\n\n\n\n<p class=\"wp-block-paragraph\">Kada je re\u010d o njegovom emotivnom \u017eivotu, Haris je trenutno slobodan, a novi brak ne planira.<\/p>\n\n\n\n<p class=\"wp-block-paragraph\">&#8222;Nisam emotivno zauzet, potpuno sam slobodan. Nema pojma ni\u0161ta o toj peva\u010dici sa kojom me povezuju, prvi put \u010dujem, taman posla. Slobodan sam kao pti\u010dica na grani&#8220;, rekao je Haris, a na pitanje voditelja da li je pti\u010dica spremna da u\u0111e u kavez rekao je:<\/p>\n\n\n\n<p class=\"wp-block-paragraph\">&#8222;Nemam pojma, jednom sam bio u kavezu, ne pada mi na pamet ponovo. Nema ponavljanja, nema vra\u0107anja istim putem. Ako mi se neko svidi bi\u0107u sa njom, ne mora to biti krunisano brakom i zajedni\u010dkim \u017eivotom. Mo\u017eemo da se dru\u017eimo, iza\u0111emo na ve\u010deru, ali neka ozbiljnija konstrukcija mi ne pada na pamet. Nema nikoga, niti je bila jer mene nema u etru, nisam po gradu, pa da sre\u0107em neke \u017eene i devojke.&#8220;<\/p>\n\n\n\n<p class=\"wp-block-paragraph\">Iako je njegov razvod propra\u0107en brojnim skandalima, on ne \u017eeli mnogo da pri\u010da o tome i dodaje da ne postoji mogu\u0107nost da se Melina i on ponovo sretnu.<\/p>\n\n\n\n<p class=\"wp-block-paragraph\">&#8222;To \u0161to se dogodilo meni, dogodilo se milionima ljudi u svetu. Na \u0161ta bi li\u010dilo da iznosim neke familijarne situacije i punim u\u0161i ljudima. U medijima jeste eksplodiralo, ali ja nisam imao nikakvu eksploziju. Takva stvar, niti se popravlja niti se oporavlja. Sva\u0161ta sam o sebi \u010duo, jedan posto je istina. Informacija od izvora do etra poprimi petnaest odela. Ne ose\u0107am da mi je ku\u0107a prazna jer sam napravio takav ugo\u0111aj da mi je tu uvek lepo, ne ose\u0107am da ne\u0161to fali. Da ho\u0107u da je popunim, popunio bih je za \u010das, ne bi bilo problema&#8220;, rekao je i dodao:<\/p>\n\n\n\n<p class=\"wp-block-paragraph\">&#8222;Ne\u0107emo se sresti, znam odli\u010dno \u0161ta donosi dan, \u0161ta no\u0107. Donose sva\u0161ta, ali ne na\u0161 susret. Da bi se sreli, moramo da idemo jedno prema drugome, ako nekoga vidi\u0161 na 15 metara, ima\u0161 vremena da zaokrene\u0161. Svaki susret mo\u017ee\u0161 da izbegne\u0161.&#8220;<\/p>\n\n\n\n<p class=\"wp-block-paragraph\">Pre skandaloznog razvoda, njihova porodica i vaspitanje dece delovalo je vrlo disciplinovano.<\/p>\n\n\n\n<p class=\"wp-block-paragraph\">&#8222;To nije bilo kod mene po ps-u, to je bilo kod moje biv\u0161e. Nije to samo po ps-u, nego i po nare\u0111enju, a ja nisam bio strog otac u njihovom odrastanju, dok nisu postali ljudi. Da sam ostavio ru\u017ene tragove ne bih imao nadimak &#8216;tajo&#8217;. Ho\u0107u da pomognem, meni je merak da napravim radost i veselje. Nije to samo ne\u010dija radost, to je i tvoja, drago ti je da ne\u0161to pokloni\u0161. Mislim da je sin nasledio od mene dosta toga, \u0107erka ne\u0161to manje.&#8220;<\/p>\n\n\n\n<p class=\"wp-block-paragraph\">Iako se mnogo spekulisalo o njegovom odnosu sa \u0107erkom \u0110inom, Haris tvrdi da tu vi\u0161e nema problema.<\/p>\n\n\n\n<p class=\"wp-block-paragraph\">&#8222;Ne postoji nikakav problem, ona \u017eivi i studira u Barseloni, tamo i radi ne\u0161to. Ve\u0107 ima 23 godine, ne\u0107u re\u0107i da su ozbiljne godine, ali nisu male za \u017eenu. Ona vodi svoj \u017eivot, ja svoj. Dolazi u Beograd, nije istina da nemamo kontakt.&#8220;<\/p>\n\n\n\n<p class=\"wp-block-paragraph\">S druge strane, sin Kan \u017eivi sa njim i vrlo mu je privr\u017een, a Haris isti\u010de da je mnogo toga nasledio od nejga.<\/p>\n\n\n\n<p class=\"wp-block-paragraph\">&#8222;Vidim kod njega neku \u010dvrstinu i odlu\u010dnost, zna \u0161ta ho\u0107e. Vrlo je postojan, jako je miran, \u0161to ja nisam bio. Vrlo je disciplinovan i odgovoran, kako prema drugima, tako i prema sebi. S obzirom na to da ima 21 godinu, vrlo je poslu\u0161an i mnogo je napredovao u pameti, vokabularu, \u0161to se ti\u010de njega mnogo sam ponosan&#8220;, dodao je Haris.<\/p>\n\n\n\n<p class=\"wp-block-paragraph\"><\/p>\n\n\n\n<p class=\"wp-block-paragraph\" style=\"font-size:10px\">SOURCE: <a href=\"https:\/\/nova.rs\/zabava\/showbiz\/haris-dzinovic-otkrio-recept-kako-da-izbegnete-osobu-koju-ne-zelite-da-sretnete-kao-on-melinu-napravio-je-precizan-proracun\/\" target=\"_blank\" rel=\"noopener\">NOVA<\/a> PHOTO: SCREENSHOT<\/p>","protected":false},"excerpt":{"rendered":"<p>Peva\u010d Haris D\u017einovi\u0107 govorio je o svojoj karijeri, kolegama i odnosu sa decom, kao i brojnim spekulacijama koje se poslednjih godina vezuju za njegovo ime. Kada je re\u010d o njegovoj karijeri, Haris isti\u010de da ima u planu da obradi neke svoje stare pesme, koje nisu uspele u prvom trenutku da privuku pa\u017enju publike. &#8222;Kada je [&hellip;]<\/p>\n","protected":false},"author":4,"featured_media":12723,"comment_status":"","ping_status":"","sticky":false,"template":"","format":"standard","meta":{"wpai_generated_summary":"","footnotes":""},"categories":[619,620],"tags":[622,2935,623,624,625,626],"class_list":["post-18680","post","type-post","status-publish","format-standard","has-post-thumbnail","hentry","category-muzika-zabava","category-zabava","tag-estrada","tag-haris-dzinovic-2","tag-muzika","tag-poznati","tag-srpska-estrada","tag-zabava"],"_links":{"self":[{"href":"https:\/\/chicagodesavanja.us\/en\/wp-json\/wp\/v2\/posts\/18680","targetHints":{"allow":["GET"]}}],"collection":[{"href":"https:\/\/chicagodesavanja.us\/en\/wp-json\/wp\/v2\/posts"}],"about":[{"href":"https:\/\/chicagodesavanja.us\/en\/wp-json\/wp\/v2\/types\/post"}],"author":[{"embeddable":true,"href":"https:\/\/chicagodesavanja.us\/en\/wp-json\/wp\/v2\/users\/4"}],"replies":[{"embeddable":true,"href":"https:\/\/chicagodesavanja.us\/en\/wp-json\/wp\/v2\/comments?post=18680"}],"version-history":[{"count":0,"href":"https:\/\/chicagodesavanja.us\/en\/wp-json\/wp\/v2\/posts\/18680\/revisions"}],"wp:featuredmedia":[{"embeddable":true,"href":"https:\/\/chicagodesavanja.us\/en\/wp-json\/wp\/v2\/media\/12723"}],"wp:attachment":[{"href":"https:\/\/chicagodesavanja.us\/en\/wp-json\/wp\/v2\/media?parent=18680"}],"wp:term":[{"taxonomy":"category","embeddable":true,"href":"https:\/\/chicagodesavanja.us\/en\/wp-json\/wp\/v2\/categories?post=18680"},{"taxonomy":"post_tag","embeddable":true,"href":"https:\/\/chicagodesavanja.us\/en\/wp-json\/wp\/v2\/tags?post=18680"}],"curies":[{"name":"WP","href":"https:\/\/api.w.org\/{rel}","templated":true}]}}