{"id":18630,"date":"2026-04-30T03:24:00","date_gmt":"2026-04-30T03:24:00","guid":{"rendered":"https:\/\/chicagodesavanja.us\/opet-me-je-ana-spasila-rale-ponovo-primljen-u-bolnicu\/"},"modified":"2026-04-30T03:24:00","modified_gmt":"2026-04-30T03:24:00","slug":"opet-me-je-ana-spasila-rale-ponovo-primljen-u-bolnicu","status":"publish","type":"post","link":"https:\/\/chicagodesavanja.us\/en\/vesti\/opet-me-je-ana-spasila-rale-ponovo-primljen-u-bolnicu\/","title":{"rendered":"Opet me je Ana spasila: Rale ponovo primljen u bolnicu"},"content":{"rendered":"<p class=\"wp-block-paragraph\">Kompozitor Goran Ratkovi\u0107 Rale ponovo je zavr\u0161io u bolnici, preciznije na Institutu za kardiovaskularne bolesti &#8222;Dedinje&#8220; u Beogradu.<\/p>\n\n\n\n<p class=\"wp-block-paragraph\">Rale\u00a0je nedavno\u00a0imao operaciju srca i bio je uspe\u0161no operisan. On se dobro ose\u0107a, ali je ponovo do\u0161lo do komplikacija. On je za\u00a0<a href=\"https:\/\/www.kurir.rs\/stars\/9982036\/goran-ratkovic-rale-opet-primljen-u-bolnicu\" target=\"_blank\" rel=\"noopener\">Kurir<\/a>\u00a0potvrdio navedene informacije.<\/p>\n\n\n\n<p class=\"wp-block-paragraph\">Ratkovi\u0107 je istakao da ga je, kako ka\u017ee,\u00a0Ana Nikoli\u0107\u00a0ponovo spasila.<\/p>\n\n\n\n<p class=\"wp-block-paragraph\">&#8222;Ta\u010dno je. Nije gre\u0161ka lekara ili osoblja u pitanju, ve\u0107 moja tvrdoglavost. Mislio sam da mogu sve, a o\u010digledno je da ne mogu sve. I opet me je Ana spasila jer me nije poslu\u0161ala i zvala je hitnu pomo\u0107&#8220;, istakao je kompozitor.<\/p>\n\n\n\n<p class=\"wp-block-paragraph\">Na pitanje u kakvom je sada stanju, Goran je rekao da je zadr\u017ean u bolnici ali da se trenutno ose\u0107a odli\u010dno. Tako\u0111e, imao je samo re\u010di hvale za institut u kom se nalazi.<\/p>\n\n\n\n<p class=\"wp-block-paragraph\">&#8222;Institut za kardiovaskularne bolesti &#8216;Dedinje&#8217; je dr\u017eavna bolnica u kojoj se pacijenti ose\u0107aju kao da le\u017ee u nekoj najboljoj evropskoj privatnoj klinici&#8220;.<\/p>\n\n\n\n<p class=\"wp-block-paragraph\">Podse\u0107amo, prema saznanjima do kojih je do\u0161ao Kurir, Rale je ranije danima imao simptome i verovao da je re\u010d o posledicama iscrpljenosti i sezonskog virusa. Me\u0111utim, stanje se nije popravljalo.<\/p>\n\n\n\n<p class=\"wp-block-paragraph\">&#8222;Bio je bled, bezvoljan i stalno je govorio da nema vazduha, tj. da ote\u017eano di\u0161e. Mislio je da \u0107e pro\u0107i samo od sebe. Ana je ta koja je i tada insistirala da ode kod lekara&#8220;, pri\u010da izvor blizak kompozitoru.<\/p>\n\n\n\n<p class=\"wp-block-paragraph\">Kako su tada mediji preneli, upravo je Ana primetila da situacija nije bezazlena. Navodno mu je, posle nekoliko dana pogor\u0161anja, jasno stavila do znanja da mora na pregled.<\/p>\n\n\n\n<p class=\"wp-block-paragraph\">&#8222;Rekla mu je da se ne igra zdravljem i bukvalno ga je naterala da zaka\u017ee pregled. Da nije bilo nje, ko zna koliko bi jo\u0161 \u010dekao&#8220;, dodaje isti izvor.<\/p>\n\n\n\n<p class=\"wp-block-paragraph\"><\/p>\n\n\n\n<p class=\"wp-block-paragraph\" style=\"font-size:10px\">SOURCE: <a href=\"https:\/\/nova.rs\/zabava\/sudbine\/opet-me-je-ana-spasila-rale-ponovo-primljen-u-bolnicu\/\" target=\"_blank\" rel=\"noopener\">NOVA<\/a> PHOTO: SCREENSHOT<\/p>","protected":false},"excerpt":{"rendered":"<p>Kompozitor Goran Ratkovi\u0107 Rale ponovo je zavr\u0161io u bolnici, preciznije na Institutu za kardiovaskularne bolesti &#8222;Dedinje&#8220; u Beogradu. Rale\u00a0je nedavno\u00a0imao operaciju srca i bio je uspe\u0161no operisan. On se dobro ose\u0107a, ali je ponovo do\u0161lo do komplikacija. On je za\u00a0Kurir\u00a0potvrdio navedene informacije. Ratkovi\u0107 je istakao da ga je, kako ka\u017ee,\u00a0Ana Nikoli\u0107\u00a0ponovo spasila. &#8222;Ta\u010dno je. Nije [&hellip;]<\/p>\n","protected":false},"author":4,"featured_media":12665,"comment_status":"","ping_status":"","sticky":false,"template":"","format":"standard","meta":{"wpai_generated_summary":"","footnotes":""},"categories":[619,620],"tags":[2611,622,2612,623,624,625,626],"class_list":["post-18630","post","type-post","status-publish","format-standard","has-post-thumbnail","hentry","category-muzika-zabava","category-zabava","tag-ana-nikolic","tag-estrada","tag-goran-ratkovic-rale","tag-muzika","tag-poznati","tag-srpska-estrada","tag-zabava"],"_links":{"self":[{"href":"https:\/\/chicagodesavanja.us\/en\/wp-json\/wp\/v2\/posts\/18630","targetHints":{"allow":["GET"]}}],"collection":[{"href":"https:\/\/chicagodesavanja.us\/en\/wp-json\/wp\/v2\/posts"}],"about":[{"href":"https:\/\/chicagodesavanja.us\/en\/wp-json\/wp\/v2\/types\/post"}],"author":[{"embeddable":true,"href":"https:\/\/chicagodesavanja.us\/en\/wp-json\/wp\/v2\/users\/4"}],"replies":[{"embeddable":true,"href":"https:\/\/chicagodesavanja.us\/en\/wp-json\/wp\/v2\/comments?post=18630"}],"version-history":[{"count":0,"href":"https:\/\/chicagodesavanja.us\/en\/wp-json\/wp\/v2\/posts\/18630\/revisions"}],"wp:featuredmedia":[{"embeddable":true,"href":"https:\/\/chicagodesavanja.us\/en\/wp-json\/wp\/v2\/media\/12665"}],"wp:attachment":[{"href":"https:\/\/chicagodesavanja.us\/en\/wp-json\/wp\/v2\/media?parent=18630"}],"wp:term":[{"taxonomy":"category","embeddable":true,"href":"https:\/\/chicagodesavanja.us\/en\/wp-json\/wp\/v2\/categories?post=18630"},{"taxonomy":"post_tag","embeddable":true,"href":"https:\/\/chicagodesavanja.us\/en\/wp-json\/wp\/v2\/tags?post=18630"}],"curies":[{"name":"WP","href":"https:\/\/api.w.org\/{rel}","templated":true}]}}