{"id":18573,"date":"2026-05-03T04:10:00","date_gmt":"2026-05-03T04:10:00","guid":{"rendered":"https:\/\/chicagodesavanja.us\/danas-nisam-svoj-novi-singl-parnog-valjka\/"},"modified":"2026-05-03T04:10:00","modified_gmt":"2026-05-03T04:10:00","slug":"danas-nisam-svoj-novi-singl-parnog-valjka","status":"publish","type":"post","link":"https:\/\/chicagodesavanja.us\/en\/vesti\/danas-nisam-svoj-novi-singl-parnog-valjka\/","title":{"rendered":"Parni Valjak predstavlja \u201cDanas nisam svoj\u201d, novi singl s albuma godine (VIDEO)"},"content":{"rendered":"<p class=\"wp-block-paragraph\">S Porinom nagra\u0111enog albuma godine \u201cKa\u017eu p\u010dele umiru\u2026\u201d, Parni Valjak kao novi singl predstavlja pesmu \u201cDanas nisam svoj\u201d, zajedno s prate\u0107im lyric videom.<\/p>\n\n\n\n<p class=\"wp-block-paragraph\">Ovaj nagra\u0111eni album prvi je studijski rad benda s<strong>\u00a0Igorom Drvenkarom,<\/strong>\u00a0a objavljen je krajem 2025. godine u digitalnom, CD i vinil izdanju, pod okriljem diskografske ku\u0107e Croatia Records.<\/p>\n\n\n\n<figure class=\"wp-block-embed is-type-video is-provider-youtube wp-block-embed-youtube wp-embed-aspect-16-9 wp-has-aspect-ratio\"><div class=\"wp-block-embed__wrapper\">\n<iframe loading=\"lazy\" title=\"Parni Valjak - Danas nisam svoj (Official Lyric Video)\" width=\"500\" height=\"281\" src=\"https:\/\/www.youtube.com\/embed\/VVqRjC4Lytg?feature=oembed\" frameborder=\"0\" allow=\"accelerometer; autoplay; clipboard-write; encrypted-media; gyroscope; picture-in-picture; web-share\" referrerpolicy=\"strict-origin-when-cross-origin\" allowfullscreen><\/iframe>\n<\/div><\/figure>\n\n\n\n<p class=\"wp-block-paragraph\"><\/p>\n\n\n\n<p class=\"wp-block-paragraph\">Na ovogodi\u0161njoj dodjeli muzi\u010dke nagrade Porin upravo je izdanje Ka\u017eu p\u010dele umiru\u2026 progla\u0161eno albumom godine za 2025., a svoje utiske o tom priznanju tada je podelio i\u00a0<strong>Husein Hasanefendi\u0107 Hus:<\/strong><\/p>\n\n\n\n<p class=\"wp-block-paragraph\">\u201cMoram priznati da nisam o\u010dekivao. Zaista smo bili sre\u0107ni kad smo dobili pet nominacija. S obzirom na na\u0161 sta\u017e, s obzirom na konkurenciju ovih mladih i \u017eestokih \u2013 nisam o\u010dekivao, ali sam se nadao da \u0107emo dobiti barem neko priznanje. Zapravo sam jako sre\u0107an, jer zna\u010di nam puno kada struka da nagradu. To je apsolutno jedan tip priznanja koji ima specifi\u010dnu te\u017einu.\u201d<\/p>\n\n\n\n<p class=\"wp-block-paragraph\">Sve pesme s albuma Ka\u017eu p\u010dele umiru\u2026 autorski potpisuje Hus, me\u0111u kojima su i ranije objavljeni singlovi Moja glava, moja pravila, Sad kad zna\u0161, Bogati \u0107e pobje\u0107i na Mars, Kad padne mrak, Pustit \u0107u glas i Kud idemo mi dok za Otkad te ne vi\u0111am \u010desto muziku potpisuje\u00a0<strong>Marijan Brki\u0107 Brk<\/strong>, zaslu\u017ean i za snimanje, miks i produkciju ovog studijskog izdanja.<\/p>\n\n\n\n<p class=\"wp-block-paragraph\">Vizuelni identitet albuma kreirali su<strong>&nbsp;Igor Jurilj<\/strong>&nbsp;i<strong>&nbsp;Tomislav Vrani\u0107<\/strong>. Lyric video za novi singl Danas nisam svoj potpisuje<strong>&nbsp;Iva \u010caisa<\/strong>&nbsp;(CroRec Video).<\/p>\n\n\n\n<p class=\"wp-block-paragraph\">Novi singl Parni Valjak donosi u trenucima nastavka aktualne turneje 50, zapo\u010dete 2025. godine, a kojom obele\u017eavaju pola veka svoje aktivnosti. Do sada su pred publiku \u0161irom ovih prostora doneli \u010ditav niz koncerata pro\u017eetih impresivnom produkcijom i pomno osmi\u0161ljenim repertoarom, koji uklju\u010duje bogato muzi\u010dko nasle\u0111e njihovih bezvremenskih klasika, kao i nove pesme.<\/p>\n\n\n\n<p class=\"wp-block-paragraph\" style=\"font-size:10px\">SOURCE: <a href=\"https:\/\/www.cdm.me\/zabava\/muzika-film-tv\/parni-valjak-predstavlja-danas-nisam-svoj-novi-singl-s-albuma-godine\/\" target=\"_blank\" rel=\"noopener\">CDM.ME<\/a> PHOTO: YOUTUBE SCREENSHOT<\/p>","protected":false},"excerpt":{"rendered":"<p>S Porinom nagra\u0111enog albuma godine \u201cKa\u017eu p\u010dele umiru\u2026\u201d, Parni Valjak kao novi singl predstavlja pesmu \u201cDanas nisam svoj\u201d, zajedno s prate\u0107im lyric videom. Ovaj nagra\u0111eni album prvi je studijski rad benda s\u00a0Igorom Drvenkarom,\u00a0a objavljen je krajem 2025. godine u digitalnom, CD i vinil izdanju, pod okriljem diskografske ku\u0107e Croatia Records. Na ovogodi\u0161njoj dodjeli muzi\u010dke nagrade [&hellip;]<\/p>\n","protected":false},"author":3,"featured_media":12635,"comment_status":"","ping_status":"","sticky":false,"template":"","format":"standard","meta":{"footnotes":""},"categories":[619,620],"tags":[623,2158,2159,2160],"class_list":["post-18573","post","type-post","status-publish","format-standard","has-post-thumbnail","hentry","category-muzika-zabava","category-zabava","tag-muzika","tag-novi-singl","tag-parni-valjak","tag-pesma-danas-nisam-svoj"],"_links":{"self":[{"href":"https:\/\/chicagodesavanja.us\/en\/wp-json\/wp\/v2\/posts\/18573","targetHints":{"allow":["GET"]}}],"collection":[{"href":"https:\/\/chicagodesavanja.us\/en\/wp-json\/wp\/v2\/posts"}],"about":[{"href":"https:\/\/chicagodesavanja.us\/en\/wp-json\/wp\/v2\/types\/post"}],"author":[{"embeddable":true,"href":"https:\/\/chicagodesavanja.us\/en\/wp-json\/wp\/v2\/users\/3"}],"replies":[{"embeddable":true,"href":"https:\/\/chicagodesavanja.us\/en\/wp-json\/wp\/v2\/comments?post=18573"}],"version-history":[{"count":0,"href":"https:\/\/chicagodesavanja.us\/en\/wp-json\/wp\/v2\/posts\/18573\/revisions"}],"wp:featuredmedia":[{"embeddable":true,"href":"https:\/\/chicagodesavanja.us\/en\/wp-json\/wp\/v2\/media\/12635"}],"wp:attachment":[{"href":"https:\/\/chicagodesavanja.us\/en\/wp-json\/wp\/v2\/media?parent=18573"}],"wp:term":[{"taxonomy":"category","embeddable":true,"href":"https:\/\/chicagodesavanja.us\/en\/wp-json\/wp\/v2\/categories?post=18573"},{"taxonomy":"post_tag","embeddable":true,"href":"https:\/\/chicagodesavanja.us\/en\/wp-json\/wp\/v2\/tags?post=18573"}],"curies":[{"name":"WP","href":"https:\/\/api.w.org\/{rel}","templated":true}]}}