{"id":12371,"date":"2026-05-09T03:42:00","date_gmt":"2026-05-09T03:42:00","guid":{"rendered":"https:\/\/chicagodesavanja.us\/potpisan-memorandum-o-osnivanju-univerziteta-sveti-sava\/"},"modified":"2026-05-09T03:42:00","modified_gmt":"2026-05-09T03:42:00","slug":"potpisan-memorandum-o-osnivanju-univerziteta-sveti-sava","status":"publish","type":"post","link":"https:\/\/chicagodesavanja.us\/en\/vesti\/potpisan-memorandum-o-osnivanju-univerziteta-sveti-sava\/","title":{"rendered":"Potpisan Memorandum o osnivanju Univerziteta Sveti Sava"},"content":{"rendered":"<p class=\"wp-block-paragraph\">U Patrijar\u0161iji Srpske pravoslavne crkve u Beogradu potpisan je Memorandum o razumevanju izme\u0111u Republike Srbije i Srpske Pravoslavne Crkve o saradnji na osnivanju Srpskog pravoslavnog Univerziteta &#8222;Sveti Sava&#8220;.\u00a0<\/p>\n\n\n\n<p class=\"wp-block-paragraph\">Memorandum su potpisali patrijarh srpski Porfirije i premijer Vlade Srbije \u0110uro Macut. Potpisivanju je prisustvovao i ministar prosvete Dejan Vuk Stankovi\u0107.<\/p>\n\n\n\n<p class=\"wp-block-paragraph\">Predsednik Srbije Aleksandar Vu\u010di\u0107 izjavio je da je potpisivanje Memoranduma ogroman korak napred u na\u010dinu, modelu, ali i pristupu obrazovanju budu\u0107ih generacija.<\/p>\n\n\n\n<p class=\"wp-block-paragraph\">Vu\u010di\u0107 je istakao da narod bez obrazovanja nema budu\u0107nosti i da na\u0161a prosveta nikada nije bila odvojena od vere.<\/p>\n\n\n\n<p class=\"wp-block-paragraph\">Naveo je tako\u0111e da \u0107e dr\u017eava pru\u017eiti svaku pomo\u0107 i podr\u0161ku Univerzitetu Sveti Sava i ukazao da \u0107e na tom univerzitetu deca imati priliku da sti\u010du izuzetno znanje i da ba\u0161tine patriotizam i ljubav prema otad\u017ebini.<\/p>\n\n\n\n<p class=\"wp-block-paragraph\">&#8222;Va\u0161i ciljevi su veliki, snovi uzvi\u0161eni. Kao dr\u017eava, pomo\u0107i \u0107emo da te snove ostvarite, a znam da time \u010dinimo najbolje za na\u0161u decu i za na\u0161u budu\u0107nost, jer \u0107e mo\u0107i da steknu izuzetno obrazovanje, jer \u0107e mo\u0107i da ba\u0161tine patriotizam, ljubav prema svojoj otad\u017ebini, kao jednu od najvi\u0161ih vrednosti&#8220;, rekao je predsednik.<\/p>\n\n\n\n<p class=\"wp-block-paragraph\">Govore\u0107i o srpskom obrazovanju, Vu\u010di\u0107 je naveo da je Srbija u poslednjih godinu i po dana pro\u0161la kroz pravu Golgotu.<\/p>\n\n\n\n<p class=\"wp-block-paragraph\">&#8222;Poku\u0161ali su spolja i iznutra da nam uni\u0161te sve temeljne vrednosti, da razore i na\u0161u veru, i na\u0161u veru u budu\u0107nost, i na\u0161e znanje i na\u0161 rad, i sve ono na \u010demu smo ba\u0161tinili i saradnju, ali i uverenje da mo\u017eemo da budemo bolji i uspe\u0161niji. Zato je danas potpisivanje ovog Memoranduma od klju\u010dnog zna\u010daja&#8220;, ukazao je Vu\u010di\u0107.<\/p>\n\n\n\n<p class=\"wp-block-paragraph\">Osvr\u0107u\u0107i se na nedavnu izjavu patrijarha Porfirija da obrazovanje srpskog naroda nosi pe\u010dat Svetog Save i da je znanje bez dobrote nepotpuno, a uspeh bez ljubavi prazan, Vu\u010di\u0107 je istakao da je srpski narod kroz vekove znao tu tajnu.<\/p>\n\n\n\n<p class=\"wp-block-paragraph\">&#8222;Na\u0161a prosveta nikada nije bila odvojena od vere i kada bih poku\u0161ao da pobrojim sve ono u \u010demu je Sveti Sava bio prvi ne bih mogao, a da ne oduzmem previ\u0161e vremena. Recimo samo da je autokefalnost njegovo \u017eivotno delo, pa smo ve\u0107 rekli koliko je velik, da je samo Hilandar za sobom ostavio, mnogo je ostavio, a gde je Manasija, \u017di\u010da?&#8220;, rekao je predsednik Srbije.<\/p>\n\n\n\n<p class=\"wp-block-paragraph\">On je naglasio i da je Sveti Sava bio prvi knji\u017eevnik, prvi zakonodavac, prvi u\u010ditelj i prvi zna\u010dajni diplomata.<\/p>\n\n\n\n<p class=\"wp-block-paragraph\">&#8222;Na temeljima njegovog dela mi danas zidamo ovu ku\u0107u znanja, duhovno utemeljenu, a novu i modernu. Danas mo\u017eemo re\u0107i da je svaki monah koji je uz treperavu sve\u0107u prepisivao rukopise, svaki u\u010ditelj koji je u skromnoj \u0161koli kraj crkve podu\u010davao decu slovu i veri, svako pokolenje koje je u tamnim vremenima \u010duvalo iskru znanja i duhovnosti kao najve\u0107u narodnu svetinju, na\u0161e veliko bogatstvo&#8220;, rekao je Vu\u010di\u0107.<\/p>\n\n\n\n<p class=\"wp-block-paragraph\">Patrijarh srpski Porfirije ka\u017ee da se osnivanjem Univerziteta Sveti Sava nastavlja dubok i istorijski utemeljen prosvetni put SPC, srpskog naroda i srpske dr\u017eave.<\/p>\n\n\n\n<p class=\"wp-block-paragraph\">&#8222;Crkveni univerziteti i visoko\u0161kolske ustanove koje osnivaju ili podr\u017eavaju hri\u0161\u0107anske crkve nisu nikakva novost u evropskom, svetskom obrazovnom prostoru. Naprotiv, oni predstavljaju jedan od njegovih najstarijih i najzna\u010dajnijih oblika&#8220;, rekao je Porfirije.<\/p>\n\n\n\n<p class=\"wp-block-paragraph\">Patrijarh je ukazao da su mnogi od najuglednijih univerziteta u Evropi nastali upravo u okrilju crkve ili uz njenu neposrednu podr\u0161ku i istakao da brojne rimokatoli\u010dke visoko\u0161kolske ustanove i danas deluju \u0161irom sveta kao priznati centri obrazovanja, nauke i kulture.<\/p>\n\n\n\n<p class=\"wp-block-paragraph\">&#8222;Od Papsko-gregorijanskog univerziteta u Rimu i Katoli\u010dkog univerziteta u Luvanu do univerziteta Notr Dam u Sjedinjenim Ameri\u010dkim Dr\u017eavama, ovaj model obrazovanja pokazuje dug istorijski kontinuitet i punu savremenu relevantnost&#8220;, rekao je Porfirije.<\/p>\n\n\n\n<p class=\"wp-block-paragraph\">Prema njegovim re\u010dima, osnivanje Univerziteta Sveti Sava zato ne predstavlja presedan, ve\u0107 predstavlja prirodno uklju\u010divanje u ve\u0107 postoje\u0107u i \u0161iroko prihva\u0107enu evropsku i svetsku akademsku tradiciju. Naveo je da samo rimokatoli\u010dkih univerziteta u svetu ima vi\u0161e od 600 i dodao da su po\u010deci velikih evropskih univerziteta tesno povezani sa mona\u0161kim i katedralnim \u0161kolama.<\/p>\n\n\n\n<p class=\"wp-block-paragraph\">Patrijarh je dodao da se od Bolonje, gde je, kako je rekao, 1088. godine nastao i pojam univerziteta, preko Pariza pa do Oksforda, visoko obrazovanje u Evropi razvijalo u neposrednoj vezi sa crkvenim ustanovama i u\u010denim mona\u0161kim redovima.<\/p>\n\n\n\n<p class=\"wp-block-paragraph\">Govore\u0107i o razvoju srpskog obrazovanja u doba Svetog Save, patrijarh je naveo da se ono razvijalo u okvirima op\u0161teg evropskog modela iz tog perioda.<\/p>\n\n\n\n<p class=\"wp-block-paragraph\">&#8222;Kao arhimandrit osnovao je mona\u0161ku \u0161kolu u Studenici, a kao arhiepiskop katedralnu \u0161kolu u \u017di\u010di. Treba re\u0107i i to da njegove studeni\u010dka i \u017ei\u010dka beseda predstavljaju svojevrsne programe svetosavskog obrazovanja sa jasno postavljenim duhovnim, prosvetnim i vaspitnim ciljevima&#8220;, rekao je Porfirije.<\/p>\n\n\n\n<p class=\"wp-block-paragraph\">Patrijarh je naglasio da je istorija brige SPC o prosve\u0107ivanju naroda duga, slojevita i bogata.<\/p>\n\n\n\n<p class=\"wp-block-paragraph\">Vlada Srbije usvojila je po\u010detkom aprila tekst Memoranduma o razumevanju izme\u0111u Republike Srbije i Srpske pravoslavne crkve o saradnji na osnivanju Univerziteta Sveti Sava, imaju\u0107i u vidu potrebu za stalnim unapre\u0111ivanjem obrazovnog sistema i podizanjem njegovog kvaliteta u skladu sa na\u010delima znanja, vaspitanja i morala.<\/p>\n\n\n\n<p class=\"wp-block-paragraph\">Kako je tada navedeno iz Vlade, ovaj univerzitet osniva se sa namerom da saradnja dr\u017eave i Crkve u oblasti visokog obrazovanja bude zasnovana na zajedni\u010dkoj odgovornosti za razvoj znanja, o\u010duvanje temeljnih vrednosti pojedinca i dru\u0161tva i negovanje kulturnog i duhovnog nasle\u0111a.<\/p>\n\n\n\n<p class=\"wp-block-paragraph\"><\/p>\n\n\n\n<p class=\"wp-block-paragraph\" style=\"font-size:10px\">SOURCE: <a href=\"https:\/\/rts.rs\/lat\/vesti\/politika\/5945012\/potpisan-memorandum-o-osnivanju-univerziteta-sveti-sava.html\" target=\"_blank\" rel=\"noopener\">RTS<\/a> PHOTO: SCREENSHOT<\/p>","protected":false},"excerpt":{"rendered":"<p>U Patrijar\u0161iji Srpske pravoslavne crkve u Beogradu potpisan je Memorandum o razumevanju izme\u0111u Republike Srbije i Srpske Pravoslavne Crkve o saradnji na osnivanju Srpskog pravoslavnog Univerziteta &#8222;Sveti Sava&#8220;.\u00a0 Memorandum su potpisali patrijarh srpski Porfirije i premijer Vlade Srbije \u0110uro Macut. Potpisivanju je prisustvovao i ministar prosvete Dejan Vuk Stankovi\u0107. Predsednik Srbije Aleksandar Vu\u010di\u0107 izjavio je [&hellip;]<\/p>\n","protected":false},"author":4,"featured_media":12370,"comment_status":"","ping_status":"","sticky":false,"template":"","format":"standard","meta":{"wpai_generated_summary":"","footnotes":""},"categories":[627,369],"tags":[1299,1300],"class_list":["post-12371","post","type-post","status-publish","format-standard","has-post-thumbnail","hentry","category-vesti-srbija","category-vesti","tag-patrijarh-porfirije","tag-univerzitet-sveti-sava"],"_links":{"self":[{"href":"https:\/\/chicagodesavanja.us\/en\/wp-json\/wp\/v2\/posts\/12371","targetHints":{"allow":["GET"]}}],"collection":[{"href":"https:\/\/chicagodesavanja.us\/en\/wp-json\/wp\/v2\/posts"}],"about":[{"href":"https:\/\/chicagodesavanja.us\/en\/wp-json\/wp\/v2\/types\/post"}],"author":[{"embeddable":true,"href":"https:\/\/chicagodesavanja.us\/en\/wp-json\/wp\/v2\/users\/4"}],"replies":[{"embeddable":true,"href":"https:\/\/chicagodesavanja.us\/en\/wp-json\/wp\/v2\/comments?post=12371"}],"version-history":[{"count":0,"href":"https:\/\/chicagodesavanja.us\/en\/wp-json\/wp\/v2\/posts\/12371\/revisions"}],"wp:featuredmedia":[{"embeddable":true,"href":"https:\/\/chicagodesavanja.us\/en\/wp-json\/wp\/v2\/media\/12370"}],"wp:attachment":[{"href":"https:\/\/chicagodesavanja.us\/en\/wp-json\/wp\/v2\/media?parent=12371"}],"wp:term":[{"taxonomy":"category","embeddable":true,"href":"https:\/\/chicagodesavanja.us\/en\/wp-json\/wp\/v2\/categories?post=12371"},{"taxonomy":"post_tag","embeddable":true,"href":"https:\/\/chicagodesavanja.us\/en\/wp-json\/wp\/v2\/tags?post=12371"}],"curies":[{"name":"WP","href":"https:\/\/api.w.org\/{rel}","templated":true}]}}