{"id":12195,"date":"2026-05-13T03:30:00","date_gmt":"2026-05-13T03:30:00","guid":{"rendered":"https:\/\/chicagodesavanja.us\/rezerve-gasa-u-evropi-na-istorijskom-minimumu-preti-li-nova-kriza\/"},"modified":"2026-05-13T03:30:00","modified_gmt":"2026-05-13T03:30:00","slug":"rezerve-gasa-u-evropi-na-istorijskom-minimumu-preti-li-nova-kriza","status":"publish","type":"post","link":"https:\/\/chicagodesavanja.us\/en\/vesti\/rezerve-gasa-u-evropi-na-istorijskom-minimumu-preti-li-nova-kriza\/","title":{"rendered":"Rezerve gasa u Evropi na istorijskom minimumu \u2013 Preti li nova kriza?"},"content":{"rendered":"<p class=\"wp-block-paragraph\">Evropa se suo\u010dava sa ozbiljnim energetskim izazovom nakon \u0161to su rezerve gasa po\u010detkom maja pale na najni\u017ei nivo od 2021. godine, pokazuju podaci organizacije Gas Infrastructure Europe.<\/p>\n\n\n\n<p class=\"wp-block-paragraph\">Prema najnovijem izve\u0161taju, skladi\u0161ta \u0161irom Evropske unije popunjena su svega 35,05%, \u0161to predstavlja zna\u010dajan pad u odnosu na pro\u0161lu godinu. U podzemnim skladi\u0161tima trenutno se nalazi oko 35 milijardi kubnih metara gasa \u2013 \u010dak 29,1 procentni poen manje nego u istom periodu 2025. godine, i znatno ispod petogodi\u0161njeg proseka.<\/p>\n\n\n\n<p class=\"wp-block-paragraph\">Ovo je ujedno i jedan od najni\u017eih nivoa u poslednjih nekoliko godina, a lo\u0161iji rezultat zabele\u017een je jedino 2021. godine. Iako je ubrizgavanje gasa nastavljeno, dnevni rast zaliha je minimalan i iznosi tek oko 0,3%, pri \u010demu su najve\u0107e koli\u010dine zabele\u017eene u Danskoj, \u010ce\u0161koj i Francuskoj.<\/p>\n\n\n\n<p class=\"wp-block-paragraph\">Energetska situacija dodatno se komplikuje politi\u010dkim tenzijama. Predsednik Vladimir Putin poru\u010dio je da \u0107e Rusija nastaviti da snabdeva energentima zemlje poput Slova\u010dke, dok je premijer Robert Fico upozorio da odricanje od ruskog gasa mo\u017ee imati ozbiljne posledice po konkurentnost Evrope.<\/p>\n\n\n\n<p class=\"wp-block-paragraph\">Sli\u010dan stav dolazi i iz industrije. Prvi \u010dovek kompanije Eni, Claudio Descalzi, smatra da bi EU trebalo da preispita zabranu uvoza ruskog LNG-a, jer alternativni izvori ne mogu u potpunosti da nadoknade potrebne koli\u010dine niti garantuju stabilno snabdevanje.<\/p>\n\n\n\n<p class=\"wp-block-paragraph\">Kako se pribli\u017eava naredna zima, stru\u010dnjaci upozoravaju da bi nizak nivo zaliha mogao dovesti do rasta cena i novih pritisaka na privredu i gra\u0111ane \u0161irom Evrope.<\/p>\n\n\n\n<p class=\"wp-block-paragraph\" style=\"font-size:10px\">SOURCE: <a href=\"https:\/\/www.b92.net\/biz\/svet\/vesti\/232394\/evropa-u-maj-usla-sa-najnizim-rezervama-gasa-od-2021\/vest\" target=\"_blank\" rel=\"noreferrer noopener\">B92<\/a>, PHOTO: PIXABAY<\/p>","protected":false},"excerpt":{"rendered":"<p>Evropa se suo\u010dava sa ozbiljnim energetskim izazovom nakon \u0161to su rezerve gasa po\u010detkom maja pale na najni\u017ei nivo od 2021. godine, pokazuju podaci organizacije Gas Infrastructure Europe. Prema najnovijem izve\u0161taju, skladi\u0161ta \u0161irom Evropske unije popunjena su svega 35,05%, \u0161to predstavlja zna\u010dajan pad u odnosu na pro\u0161lu godinu. U podzemnim skladi\u0161tima trenutno se nalazi oko 35 [&hellip;]<\/p>\n","protected":false},"author":1,"featured_media":12194,"comment_status":"","ping_status":"","sticky":false,"template":"","format":"standard","meta":{"wpai_generated_summary":"","footnotes":""},"categories":[431,369],"tags":[749,750,751,433,434,752,753,754,755,756,757,758],"class_list":["post-12195","post","type-post","status-publish","format-standard","has-post-thumbnail","hentry","category-svet","category-vesti","tag-cena-gasa-evropa","tag-energetska-kriza","tag-energetska-sigurnost","tag-evropa","tag-evropska-unija","tag-gas","tag-gas-infrastructure-europe","tag-lng-zabrana-eu","tag-rezerve-gasa","tag-robert-fico-izjava","tag-snabdevanje-gasom","tag-vladimir-putin-gas"],"_links":{"self":[{"href":"https:\/\/chicagodesavanja.us\/en\/wp-json\/wp\/v2\/posts\/12195","targetHints":{"allow":["GET"]}}],"collection":[{"href":"https:\/\/chicagodesavanja.us\/en\/wp-json\/wp\/v2\/posts"}],"about":[{"href":"https:\/\/chicagodesavanja.us\/en\/wp-json\/wp\/v2\/types\/post"}],"author":[{"embeddable":true,"href":"https:\/\/chicagodesavanja.us\/en\/wp-json\/wp\/v2\/users\/1"}],"replies":[{"embeddable":true,"href":"https:\/\/chicagodesavanja.us\/en\/wp-json\/wp\/v2\/comments?post=12195"}],"version-history":[{"count":0,"href":"https:\/\/chicagodesavanja.us\/en\/wp-json\/wp\/v2\/posts\/12195\/revisions"}],"wp:featuredmedia":[{"embeddable":true,"href":"https:\/\/chicagodesavanja.us\/en\/wp-json\/wp\/v2\/media\/12194"}],"wp:attachment":[{"href":"https:\/\/chicagodesavanja.us\/en\/wp-json\/wp\/v2\/media?parent=12195"}],"wp:term":[{"taxonomy":"category","embeddable":true,"href":"https:\/\/chicagodesavanja.us\/en\/wp-json\/wp\/v2\/categories?post=12195"},{"taxonomy":"post_tag","embeddable":true,"href":"https:\/\/chicagodesavanja.us\/en\/wp-json\/wp\/v2\/tags?post=12195"}],"curies":[{"name":"WP","href":"https:\/\/api.w.org\/{rel}","templated":true}]}}